{"id":21972,"date":"2025-03-27T18:37:51","date_gmt":"2025-03-27T18:37:51","guid":{"rendered":"http:\/\/staging.ibermusicas.org\/?p=21972"},"modified":"2025-04-28T18:26:03","modified_gmt":"2025-04-28T18:26:03","slug":"o-compositor-mexicano-victor-ibarra-inicia-sua-residencia-geografias-da-memoria-com-o-ensemble-metis-em-nice-na-franca","status":"publish","type":"post","link":"http:\/\/staging.ibermusicas.org\/index.php\/o-compositor-mexicano-victor-ibarra-inicia-sua-residencia-geografias-da-memoria-com-o-ensemble-metis-em-nice-na-franca\/","title":{"rendered":"O compositor mexicano V\u00edctor Ibarra inicia sua resid\u00eancia \u201cGeografias da mem\u00f3ria\u201d com o Ensemble M\u00eatis em Nice, na Fran\u00e7a"},"content":{"rendered":"<p>Geografias da mem\u00f3ria \u00e9 uma resid\u00eancia que tem como objetivo criar uma nova obra original para o conjunto franc\u00eas M\u00eatis. O trabalho ser\u00e1 conclu\u00eddo, corrigido, ensaiado e estreado durante a resid\u00eancia. A pe\u00e7a ser\u00e1 escrita para um conjunto instrumental de flauta, saxofone, violino, viola e piano.<\/p>\n<p>&nbsp;<\/p>\n<p>A pe\u00e7a surge de uma reflex\u00e3o sobre a maneira como um corpo d&#8217;\u00e1gua pode representar a ideia de uma divis\u00e3o geogr\u00e1fica, identit\u00e1ria, cultural e conceitual, testemunhando a maneira como os seres humanos assumem, talvez \u00e0s vezes inconscientemente, algumas das manifesta\u00e7\u00f5es da natureza como um s\u00edmbolo, atribuindo-lhes significado. Os diferentes corpos de \u00e1gua &#8211; que podem variar ao longo dos anos devido a diferentes circunst\u00e2ncias: mudan\u00e7as clim\u00e1ticas, deslocamentos tect\u00f4nicos etc. &#8211; foram historicamente assumidos pelos seres humanos como uma separa\u00e7\u00e3o territorial e at\u00e9 mesmo identit\u00e1ria.<\/p>\n<p>&nbsp;<\/p>\n<p>De origem mexicana, V\u00edctor Ibarra experimentou, em sua vasta forma\u00e7\u00e3o, tanto em seu pa\u00eds natal quanto na Fran\u00e7a e na Su\u00ed\u00e7a, os ensinamentos de mestres como Hebert V\u00e1zquez, Jos\u00e9 Luis Castillo, Edith Lejet, Daniel D&#8217;Adamo ou Michael Jarrell, recebendo, entre outros, os seguintes reconhecimentos internacionais: primeiro pr\u00eamio no concurso Alea III, nos Estados Unidos, primeiro pr\u00eamio no concurso Auditorio Nacional de M\u00fasica &#8211; Fundaci\u00f3n BBVA, na Espanha, primeiro pr\u00eamio no concurso Mauricio Kagel, Pr\u00eamio Zeitklang, na \u00c1ustria, e primeiro pr\u00eamio no Concurso de Composi\u00e7\u00e3o de Basileia, na Su\u00ed\u00e7a. Ele foi selecionado para o 7\u00ba F\u00f3rum Internacional de Jovens Compositores do Ensemble Aleph. \u00c9 membro da Casa de Vel\u00e1zquez &#8211; Acad\u00e9mie de France em Madri. Concluiu seu Mestrado em Composi\u00e7\u00e3o no Conservatoire National Sup\u00e9rieur de Musique et de Danse de Lyon, obtendo o primeiro pr\u00eamio por unanimidade e o reconhecimento da Funda\u00e7\u00e3o Salabert. Ele \u00e9 membro do Sistema Nacional de Criadores de Arte do Fundo Nacional para a Cultura e as Artes do M\u00e9xico. Desde 2017, \u00e9 professor de Composi\u00e7\u00e3o e Orquestra\u00e7\u00e3o no Departamento de M\u00fasica da Universidade de Guanajuato.<\/p>\n<p>&nbsp;<\/p>\n<p>Fundado em 2024, o Ensemble M\u00e9tis surge como um ator importante no cen\u00e1rio da m\u00fasica contempor\u00e2nea em Nice. O nome do grupo, M\u00eatis, refere-se ao Oce\u00e1nide da mitologia grega e extrai sua for\u00e7a da diversidade de seus membros, que v\u00eam de diferentes horizontes, dando-lhe uma riqueza cultural \u00fanica. Essa diversidade \u00e9 a pr\u00f3pria fonte de seu nome e de suas inspira\u00e7\u00f5es art\u00edsticas, que est\u00e3o profundamente enraizadas no terreno cultural da cidade. Gra\u00e7as a essa identidade plural, o Ensemble M\u00e9tis tece v\u00ednculos estreitos com os principais eventos da cidade, como o festival Horizon \u00c9tendu, e se envolve em colabora\u00e7\u00f5es frut\u00edferas com a nova gera\u00e7\u00e3o de compositores, bem como com compositores de renome internacional. Como embaixadores da m\u00fasica contempor\u00e2nea, a principal miss\u00e3o do Ensemble M\u00e9tis \u00e9 a cria\u00e7\u00e3o e a divulga\u00e7\u00e3o de obras inovadoras. Impulsionado pela vis\u00e3o do compositor Alireza Farhang, ele re\u00fane m\u00fasicos em\u00e9ritos, como o flautista Mario Caroli, o pianista Stephanos Thomopoulos, a violinista Violaine Darmon, o saxofonista Alberto Chaves, a violista Yona Zekri, entre outros. Juntos, eles trabalham ativamente para promover a cria\u00e7\u00e3o musical contempor\u00e2nea e est\u00e3o totalmente comprometidos com o surgimento de novos talentos.<\/p>\n<p>&nbsp;<\/p>\n<p>Este projeto, conduzido por um compositor e oito int\u00e9rpretes de alto n\u00edvel, e que foi premiado pelo Programa Iberm\u00fasicas na linha de \u201cApoio a artistas e pesquisadores para resid\u00eancias\u201d, chamada 2024, simboliza um novo come\u00e7o, fortalecendo assim os v\u00ednculos com institui\u00e7\u00f5es e atores culturais locais, nacionais e internacionais, dentro de um ecossistema art\u00edstico din\u00e2mico e f\u00e9rtil.<\/p>\n<p>&nbsp;<\/p>\n<ul>\n<li>De 13 de abril a 4 de maio em Nice, Fran\u00e7a<\/li>\n<\/ul>\n","protected":false},"excerpt":{"rendered":"<p>Geografias da mem\u00f3ria \u00e9 uma resid\u00eancia que tem como objetivo criar uma nova obra original para o conjunto franc\u00eas M\u00eatis. O trabalho ser\u00e1 conclu\u00eddo, corrigido, ensaiado e estreado durante a resid\u00eancia. A pe\u00e7a ser\u00e1 escrita para um conjunto instrumental de flauta, saxofone, violino, viola e piano. &nbsp; A pe\u00e7a surge de uma reflex\u00e3o sobre a [&hellip;]<\/p>\n","protected":false},"author":7,"featured_media":21970,"comment_status":"closed","ping_status":"closed","sticky":false,"template":"","format":"standard","meta":{"footnotes":""},"categories":[218],"tags":[],"class_list":["post-21972","post","type-post","status-publish","format-standard","has-post-thumbnail","hentry","category-noticias-generales-pt"],"lang":"pt","translations":{"pt":21972},"pll_sync_post":[],"post_mailing_queue_ids":[],"_links":{"self":[{"href":"http:\/\/staging.ibermusicas.org\/index.php\/wp-json\/wp\/v2\/posts\/21972","targetHints":{"allow":["GET"]}}],"collection":[{"href":"http:\/\/staging.ibermusicas.org\/index.php\/wp-json\/wp\/v2\/posts"}],"about":[{"href":"http:\/\/staging.ibermusicas.org\/index.php\/wp-json\/wp\/v2\/types\/post"}],"author":[{"embeddable":true,"href":"http:\/\/staging.ibermusicas.org\/index.php\/wp-json\/wp\/v2\/users\/7"}],"replies":[{"embeddable":true,"href":"http:\/\/staging.ibermusicas.org\/index.php\/wp-json\/wp\/v2\/comments?post=21972"}],"version-history":[{"count":1,"href":"http:\/\/staging.ibermusicas.org\/index.php\/wp-json\/wp\/v2\/posts\/21972\/revisions"}],"predecessor-version":[{"id":21973,"href":"http:\/\/staging.ibermusicas.org\/index.php\/wp-json\/wp\/v2\/posts\/21972\/revisions\/21973"}],"wp:featuredmedia":[{"embeddable":true,"href":"http:\/\/staging.ibermusicas.org\/index.php\/wp-json\/wp\/v2\/media\/21970"}],"wp:attachment":[{"href":"http:\/\/staging.ibermusicas.org\/index.php\/wp-json\/wp\/v2\/media?parent=21972"}],"wp:term":[{"taxonomy":"category","embeddable":true,"href":"http:\/\/staging.ibermusicas.org\/index.php\/wp-json\/wp\/v2\/categories?post=21972"},{"taxonomy":"post_tag","embeddable":true,"href":"http:\/\/staging.ibermusicas.org\/index.php\/wp-json\/wp\/v2\/tags?post=21972"}],"curies":[{"name":"wp","href":"https:\/\/api.w.org\/{rel}","templated":true}]}}