{"id":22005,"date":"2025-04-08T19:09:40","date_gmt":"2025-04-08T19:09:40","guid":{"rendered":"http:\/\/staging.ibermusicas.org\/?p=22005"},"modified":"2025-05-06T12:32:17","modified_gmt":"2025-05-06T12:32:17","slug":"presentamos-la-memorabilia-de-los-primeros-14-anos-de-ibermusicas","status":"publish","type":"post","link":"http:\/\/staging.ibermusicas.org\/index.php\/presentamos-la-memorabilia-de-los-primeros-14-anos-de-ibermusicas\/","title":{"rendered":"Presentamos la memorabilia de los primeros 14 a\u00f1os de Iberm\u00fasicas"},"content":{"rendered":"<p>Compartimos la Memorabilia sobre los catorce primeros a\u00f1os de vida del Programa Iberm\u00fasicas. Una narraci\u00f3n sobre la historia y las acciones de nuestro programa contada en primera personapor las voces de quienes han sido beneficiarias y beneficiarios de Iberm\u00fasicas desde su fundaci\u00f3n en 2011 hasta el d\u00eda de hoy.<\/p>\n<p>Artistas y agentes del sector musical iberoamericano pertenecientes a los 15 pa\u00edses que conforman actualmente nuestro programa (Argentina, Brasil, Chile, Colombia, Costa Rica, Cuba, Ecuador, Espa\u00f1a, M\u00e9xico, Panam\u00e1, Paraguay, Per\u00fa, Portugal, Uruguay y Venezuela) entrecruzan sus voces y sus testimonios para dar cuenta del hermoso trabajo de cooperaci\u00f3n iberoamericana llevado adelante en todo este tiempo.<\/p>\n<p>Contamos esta historia con orgullo y a la vez sabiendo que es mucho m\u00e1s lo que queda por hacer. Porque nuestros desaf\u00edos tienen el tama\u00f1o de nuestros sue\u00f1os y porque cada d\u00eda habr\u00e1 una nueva canci\u00f3n para cantar, una nueva obra por crear y cada d\u00eda habr\u00e1 alguien en un lugar nuevo y lejano que querr\u00e1 escucharla y sumar su voz.<\/p>\n<p>Compartimos la historia de nuestro programa y de todas y todos los que con su trabajo y sus sue\u00f1os forman parte de \u00e9l.<\/p>\n<p>Brindamos por nuevas b\u00fasquedas, por recorrer nuevos caminos, por alcanzar nuevos horizontes siempre unidos por la cooperaci\u00f3n y por la m\u00fasica.<\/p>\n<p>#Ibermusicas, el instrumento que nos une.<\/p>\n<p><a href=\"http:\/\/staging.ibermusicas.org\/wp-content\/uploads\/2020\/04\/2-Presentacion-Ibermusicas-v2.pdf\">DESCARGAR MEMORABILIA<\/a><\/p>\n","protected":false},"excerpt":{"rendered":"<p>Compartimos la Memorabilia sobre los catorce primeros a\u00f1os de vida del Programa Iberm\u00fasicas. Una narraci\u00f3n sobre la historia y las acciones de nuestro programa contada en primera personapor las voces de quienes han sido beneficiarias y beneficiarios de Iberm\u00fasicas desde su fundaci\u00f3n en 2011 hasta el d\u00eda de hoy. Artistas y agentes del sector musical [&hellip;]<\/p>\n","protected":false},"author":7,"featured_media":22010,"comment_status":"closed","ping_status":"closed","sticky":false,"template":"","format":"standard","meta":{"footnotes":""},"categories":[53],"tags":[],"class_list":["post-22005","post","type-post","status-publish","format-standard","has-post-thumbnail","hentry","category-noticias-generales"],"lang":"es","translations":{"es":22005},"pll_sync_post":[],"post_mailing_queue_ids":[],"_links":{"self":[{"href":"http:\/\/staging.ibermusicas.org\/index.php\/wp-json\/wp\/v2\/posts\/22005","targetHints":{"allow":["GET"]}}],"collection":[{"href":"http:\/\/staging.ibermusicas.org\/index.php\/wp-json\/wp\/v2\/posts"}],"about":[{"href":"http:\/\/staging.ibermusicas.org\/index.php\/wp-json\/wp\/v2\/types\/post"}],"author":[{"embeddable":true,"href":"http:\/\/staging.ibermusicas.org\/index.php\/wp-json\/wp\/v2\/users\/7"}],"replies":[{"embeddable":true,"href":"http:\/\/staging.ibermusicas.org\/index.php\/wp-json\/wp\/v2\/comments?post=22005"}],"version-history":[{"count":1,"href":"http:\/\/staging.ibermusicas.org\/index.php\/wp-json\/wp\/v2\/posts\/22005\/revisions"}],"predecessor-version":[{"id":22007,"href":"http:\/\/staging.ibermusicas.org\/index.php\/wp-json\/wp\/v2\/posts\/22005\/revisions\/22007"}],"wp:featuredmedia":[{"embeddable":true,"href":"http:\/\/staging.ibermusicas.org\/index.php\/wp-json\/wp\/v2\/media\/22010"}],"wp:attachment":[{"href":"http:\/\/staging.ibermusicas.org\/index.php\/wp-json\/wp\/v2\/media?parent=22005"}],"wp:term":[{"taxonomy":"category","embeddable":true,"href":"http:\/\/staging.ibermusicas.org\/index.php\/wp-json\/wp\/v2\/categories?post=22005"},{"taxonomy":"post_tag","embeddable":true,"href":"http:\/\/staging.ibermusicas.org\/index.php\/wp-json\/wp\/v2\/tags?post=22005"}],"curies":[{"name":"wp","href":"https:\/\/api.w.org\/{rel}","templated":true}]}}