{"id":22011,"date":"2025-04-08T19:24:45","date_gmt":"2025-04-08T19:24:45","guid":{"rendered":"http:\/\/staging.ibermusicas.org\/?p=22011"},"modified":"2025-05-06T12:31:40","modified_gmt":"2025-05-06T12:31:40","slug":"partilhamos-a-memorabilia-sobre-os-primeiros-catorze-anos-de-vida-do-programa-ibermusicas","status":"publish","type":"post","link":"http:\/\/staging.ibermusicas.org\/index.php\/partilhamos-a-memorabilia-sobre-os-primeiros-catorze-anos-de-vida-do-programa-ibermusicas\/","title":{"rendered":"Partilhamos a Memorabilia sobre os primeiros catorze anos de vida do Programa Iberm\u00fasicas"},"content":{"rendered":"<p>Partilhamos a Memorabilia sobre os primeiros catorze anos de vida do Programa Iberm\u00fasicas. Uma narra\u00e7\u00e3o sobre a hist\u00f3ria e as a\u00e7\u00f5es do nosso programa contada na primeira pessoa pelas vozes daqueles que foram benefici\u00e1rios e benefici\u00e1rias do Iberm\u00fasicas desde a sua funda\u00e7\u00e3o em 2011 at\u00e9 aos dias de hoje.<\/p>\n<p>Artistas e agentes do sector da m\u00fasica ibero-americana dos 15 pa\u00edses que actualmente integram o nosso programa (Argentina, Brasil, Chile, Col\u00f4mbia, Costa Rica, Cuba, Equador, Espanha, M\u00e9xico, Panam\u00e1, Paraguai, Peru, Portugal, Uruguai e Venezuela) entrela\u00e7am as suas vozes e testemunhos para dar conta do belo trabalho de coopera\u00e7\u00e3o ibero-americana realizado ao longo deste tempo.<\/p>\n<p>Contamos esta hist\u00f3ria com orgulho e, ao mesmo tempo, sabendo que ainda h\u00e1 muito por fazer. Porque os nossos desafios s\u00e3o do tamanho dos nossos sonhos e porque todos os dias haver\u00e1 uma nova can\u00e7\u00e3o para cantar, uma nova obra para criar e todos os dias haver\u00e1 algu\u00e9m num lugar novo e distante que a querer\u00e1 ouvir e acrescentar a sua voz.<\/p>\n<p>Partilhamos a hist\u00f3ria do nosso programa e de todos aqueles cujo trabalho e sonhos fazem parte dele.<\/p>\n<p>Brindamos a novas procuras, a percorrer novos caminhos, a alcan\u00e7ar novos horizontes sempre unidos pela coopera\u00e7\u00e3o e pela m\u00fasica.<\/p>\n<p>#Ibermusicas, o instrumento que nos une.<\/p>\n<p><a href=\"http:\/\/staging.ibermusicas.org\/wp-content\/uploads\/2020\/04\/2-Presentacion-Ibermusicas-v2.pdf\">BAIXAR MEMORABILIA<\/a><\/p>\n","protected":false},"excerpt":{"rendered":"<p>Partilhamos a Memorabilia sobre os primeiros catorze anos de vida do Programa Iberm\u00fasicas. Uma narra\u00e7\u00e3o sobre a hist\u00f3ria e as a\u00e7\u00f5es do nosso programa contada na primeira pessoa pelas vozes daqueles que foram benefici\u00e1rios e benefici\u00e1rias do Iberm\u00fasicas desde a sua funda\u00e7\u00e3o em 2011 at\u00e9 aos dias de hoje. Artistas e agentes do sector da [&hellip;]<\/p>\n","protected":false},"author":7,"featured_media":22010,"comment_status":"closed","ping_status":"closed","sticky":false,"template":"","format":"standard","meta":{"footnotes":""},"categories":[218],"tags":[],"class_list":["post-22011","post","type-post","status-publish","format-standard","has-post-thumbnail","hentry","category-noticias-generales-pt"],"lang":"pt","translations":{"pt":22011},"pll_sync_post":[],"post_mailing_queue_ids":[],"_links":{"self":[{"href":"http:\/\/staging.ibermusicas.org\/index.php\/wp-json\/wp\/v2\/posts\/22011","targetHints":{"allow":["GET"]}}],"collection":[{"href":"http:\/\/staging.ibermusicas.org\/index.php\/wp-json\/wp\/v2\/posts"}],"about":[{"href":"http:\/\/staging.ibermusicas.org\/index.php\/wp-json\/wp\/v2\/types\/post"}],"author":[{"embeddable":true,"href":"http:\/\/staging.ibermusicas.org\/index.php\/wp-json\/wp\/v2\/users\/7"}],"replies":[{"embeddable":true,"href":"http:\/\/staging.ibermusicas.org\/index.php\/wp-json\/wp\/v2\/comments?post=22011"}],"version-history":[{"count":1,"href":"http:\/\/staging.ibermusicas.org\/index.php\/wp-json\/wp\/v2\/posts\/22011\/revisions"}],"predecessor-version":[{"id":22012,"href":"http:\/\/staging.ibermusicas.org\/index.php\/wp-json\/wp\/v2\/posts\/22011\/revisions\/22012"}],"wp:featuredmedia":[{"embeddable":true,"href":"http:\/\/staging.ibermusicas.org\/index.php\/wp-json\/wp\/v2\/media\/22010"}],"wp:attachment":[{"href":"http:\/\/staging.ibermusicas.org\/index.php\/wp-json\/wp\/v2\/media?parent=22011"}],"wp:term":[{"taxonomy":"category","embeddable":true,"href":"http:\/\/staging.ibermusicas.org\/index.php\/wp-json\/wp\/v2\/categories?post=22011"},{"taxonomy":"post_tag","embeddable":true,"href":"http:\/\/staging.ibermusicas.org\/index.php\/wp-json\/wp\/v2\/tags?post=22011"}],"curies":[{"name":"wp","href":"https:\/\/api.w.org\/{rel}","templated":true}]}}