{"id":22034,"date":"2025-04-14T16:44:24","date_gmt":"2025-04-14T16:44:24","guid":{"rendered":"http:\/\/staging.ibermusicas.org\/?p=22034"},"modified":"2025-06-03T15:58:17","modified_gmt":"2025-06-03T15:58:17","slug":"se-realizo-en-panama-una-nueva-reunion-anual-del-consejo-intergubernamental-del-programa-ibermusicas","status":"publish","type":"post","link":"http:\/\/staging.ibermusicas.org\/index.php\/se-realizo-en-panama-una-nueva-reunion-anual-del-consejo-intergubernamental-del-programa-ibermusicas\/","title":{"rendered":"Se realiz\u00f3 en Panam\u00e1 una nueva reuni\u00f3n anual del Consejo Intergubernamental del Programa Iberm\u00fasicas"},"content":{"rendered":"<p>En la Ciudad de las Artes de la ciudad de Panam\u00e1, entre los d\u00edas 1 y 4 de 2025, tuvo lugar la vig\u00e9simo segunda reuni\u00f3n del Consejo Intergubernamental del Programa Iberm\u00fasicas bajo la direcci\u00f3n de su presidenta Eul\u00edcia Esteves y organizado por el Ministerio de Cultura de Panam\u00e1,.<\/p>\n<p>&nbsp;<\/p>\n<p>Se cont\u00f3, como es habitual con la presencia de representantes de los pa\u00edses que integran el programa y con representaciones de la CPLP (Comunidade de pa\u00edses de L\u00edngua Portuguesa) y de la SEGIB (Secretar\u00eda General Iberoamericana), habiendo contado tambi\u00e9n con la valiosa presencia en calidad de pa\u00edses invitados, de representantes de Honduras, El Salvador y Guatemala y de una representaci\u00f3n de CECC\/SICA (Coordinaci\u00f3n Educativa y Cultural Centroamericana \/ Sistema de la Integraci\u00f3n Centroamericana).<\/p>\n<p>&nbsp;<\/p>\n<p>El Consejo signific\u00f3 una instancia clave para revisar los avances en los compromisos previamente adoptados y dar curso a nuevas iniciativas estrat\u00e9gicas de car\u00e1cter regional junto con consolidar el papel de Iberm\u00fasicas como motor de cooperaci\u00f3n musical iberoamericana. Durante las sesiones de trabajo, se aprob\u00f3 el Plan Operativo Anual 2025, se evaluaron las acciones desarrolladas durante el \u00faltimo per\u00edodo y se delinearon las estrategias futuras para continuar promoviendo la cooperaci\u00f3n t\u00e9cnica y financiera en el \u00e1mbito musical de Iberoam\u00e9rica.<\/p>\n<p>&nbsp;<\/p>\n<p>El Consejo celebr\u00f3 los resultados de diversas iniciativas destacadas que reflejan la amplitud del accionar del Programa:<\/p>\n<p>&nbsp;<\/p>\n<ul>\n<li>La convocatoria conjunta con la CPLP, \u201cViagens pela m\u00fasica em l\u00edngua portuguesa\u201d, apoy\u00f3 la circulaci\u00f3n de artistas de pa\u00edses lus\u00f3fonos en \u00c1frica y Asia, consolidando un espacio de cooperaci\u00f3n pluricontinental.<\/li>\n<li>El Premio Brasil y el Premio Colombia en el mundo reconocieron iniciativas que difunden la m\u00fasica de ambos pa\u00edses en diversos continentes.<\/li>\n<li>Se rindi\u00f3 homenaje a la figura de Nicomedes Santa Cruz, mediante un concurso conmemorativo impulsado por Per\u00fa, orientado a rescatar y proyectar el legado afroperuano.<\/li>\n<li>Panam\u00e1 present\u00f3 el proyecto especial \u201cLas Realezas del Calypso\u201d, festival que celebra el patrimonio musical del Caribe Centroamericano, con alcance regional y proyecci\u00f3n internacional.<\/li>\n<li>Paraguay anunci\u00f3 la realizaci\u00f3n del MICSUR 2026 en Asunci\u00f3n, y Venezuela extendi\u00f3 la invitaci\u00f3n a m\u00fasicos iberoamericanos a formarse en su recientemente creada Universidad de la M\u00fasica.<\/li>\n<li>La serie curada Identidades Sonoras I y II present\u00f3 un enfoque de escucha no-hegem\u00f3nica en plataformas de streaming, destacando la riqueza sonora de la regi\u00f3n.<\/li>\n<\/ul>\n<p>&nbsp;<\/p>\n<p>Uno de los avances m\u00e1s significativos fue la presentaci\u00f3n del proyecto \u201cAccesibilidad e Inclusi\u00f3n Cultural: Hacia una Iberoam\u00e9rica para el disfrute de todas y todos\u201d, que cuenta con el apoyo de la SEGIB. La iniciativa contempla acciones concretas en accesibilidad digital, la producci\u00f3n de gu\u00edas pr\u00e1cticas para espacios culturales y la implementaci\u00f3n de talleres formativos junto a la Fundaci\u00f3n Music for All. Iberm\u00fasicas avanza as\u00ed en garantizar el acceso igualitario a la vida cultural para personas con discapacidad.<\/p>\n<p>&nbsp;<\/p>\n<p>Se anunci\u00f3 el desarrollo de dos nuevas herramientas estrat\u00e9gicas para la profesionalizaci\u00f3n del sector:<\/p>\n<p>&nbsp;<\/p>\n<ul>\n<li>\u201cIberm\u00fasicas Global\u201d, una plataforma digital que facilitar\u00e1 el encuentro entre artistas y agentes culturales del circuito internacional global.<\/li>\n<li>\u201cDesde Iberoam\u00e9rica\u201d, una serie web que documenta las experiencias de internacionalizaci\u00f3n de artistas independientes beneficiarios del Programa.<\/li>\n<\/ul>\n<p>&nbsp;<\/p>\n<p>El Consejo present\u00f3 los avances del Observatorio Iberm\u00fasicas, que sistematiza m\u00e1s de una d\u00e9cada de datos del sector musical con enfoque interseccional, incorporando variables de g\u00e9nero, etnia, juventud y territorialidad. Adem\u00e1s, se analiz\u00f3 la participaci\u00f3n de m\u00e1s de 1600 postulaciones a las convocatorias 2024, confirmando el creciente alcance y pertinencia del Programa en la regi\u00f3n, lo que impulsa a continuar ampliando presupuestos.<\/p>\n<p>&nbsp;<\/p>\n<p>Se aprobaron m\u00e1s de 14 l\u00edneas de convocatorias para el ciclo 2025, que incluir\u00e1n:<\/p>\n<p>&nbsp;<\/p>\n<ul>\n<li>Apoyos a la circulaci\u00f3n, residencias, especializaci\u00f3n y proyectos virtuales.<\/li>\n<li>El retorno del concurso de composici\u00f3n para Banda Sinf\u00f3nica, con estrenos en Colombia, Costa Rica, Cuba, M\u00e9xico y Venezuela.<\/li>\n<li>La XIII edici\u00f3n del Premio Iberm\u00fasicas de Canci\u00f3n para las Infancias, con especial enfoque en migraciones y diversidades.<\/li>\n<li>Sinergias con organismos como CPLP, MidAtlanticArts y varios pa\u00edses extra-regi\u00f3n.<\/li>\n<\/ul>\n<p>&nbsp;<\/p>\n<p>Se estableci\u00f3 el calendario oficial de inscripciones para las convocatorias 2025, con apertura el 2 de junio, cierre el 1\u00b0 de octubre y anuncio de resultados previsto para el 28 de noviembre de 2025<\/p>\n<p>&nbsp;<\/p>\n<p>Se consolid\u00f3 la Red Iberoamericana de Orquestas Sinf\u00f3nicas (RIOS), que re\u00fane a m\u00e1s de 70 instituciones y organizar\u00e1 su primer encuentro en noviembre en Santiago de Chile.<\/p>\n<p>&nbsp;<\/p>\n<p>Adem\u00e1s, se destac\u00f3 la expansi\u00f3n del Cat\u00e1logo Iberoamericano de Partituras, cuya presentaci\u00f3n internacional se realizar\u00e1 en la feria Classical:NEXT (Berl\u00edn).<\/p>\n<p>&nbsp;<\/p>\n<p>Se celebraron los estrenos de obras sinf\u00f3nicas y se anunciaron las futuras presentaciones de obras corales premiadas por Iberm\u00fasicas en Cuba y Venezuela para las temporadas 2024 y 2025.<\/p>\n<p>&nbsp;<\/p>\n<p>Iberm\u00fasicas reiter\u00f3 su compromiso de respaldar las postulaciones de manifestaciones musicales tradicionales de la regi\u00f3n ante la UNESCO, brindando acompa\u00f1amiento institucional a los expedientes iberoamericanos en proceso de ser reconocidos como Patrimonio Cultural Inmaterial de la Humanidad.<\/p>\n<p>&nbsp;<\/p>\n<p>Los pa\u00edses miembros compartieron marcos normativos y estrategias nacionales, fortaleciendo el intercambio de buenas pr\u00e1cticas y el di\u00e1logo intergubernamental, constituyendo una acci\u00f3n estrat\u00e9gica hacia la cooperaci\u00f3n internacional efectiva para la mejora continua de las pol\u00edticas p\u00fablicas. Se destac\u00f3 la experiencia de Cuba, que integr\u00f3 obras ganadoras del Programa en los planes de estudio de sus conservatorios, y de M\u00e9xico, que trabaja en la homologaci\u00f3n de cat\u00e1logos editoriales nacionales con el Cat\u00e1logo Iberoamericano de Partituras.<\/p>\n<p>&nbsp;<\/p>\n<p>Finalmente, se present\u00f3 el proyecto \u201cLa m\u00fasica en la era digital\u201d, que abrir\u00e1 un espacio regional de reflexi\u00f3n sobre los impactos de la inteligencia artificial, las plataformas de distribuci\u00f3n digital, los derechos culturales y la sostenibilidad econ\u00f3mica del sector musical en el contexto actual.<\/p>\n<p>&nbsp;<\/p>\n<p>En la jornada inicial el Consejo Intergubernamental de Iberm\u00fasicas se vio honrado con la presencia de Mar\u00eda Eugenia Herrera, Ministra de Cultura de Panam\u00e1, quien en su discurso de bienvenida expres\u00f3 estas hermosas palabras: <em>\u00abGracias por estar aqu\u00ed, por seguir creyendo en la cultura como derecho de todos los pueblos y en la m\u00fasica como puente de transformaci\u00f3n, como lenguaje que nos une. Que sea una jornada fecunda para todas y para todos. Bienvenidos a Panam\u00e1 y recordemos siempre: el arte nos une y la cultura nos enriquece\u00bb.<\/em><\/p>\n","protected":false},"excerpt":{"rendered":"<p>En la Ciudad de las Artes de la ciudad de Panam\u00e1, entre los d\u00edas 1 y 4 de 2025, tuvo lugar la vig\u00e9simo segunda reuni\u00f3n del Consejo Intergubernamental del Programa Iberm\u00fasicas bajo la direcci\u00f3n de su presidenta Eul\u00edcia Esteves y organizado por el Ministerio de Cultura de Panam\u00e1,. &nbsp; Se cont\u00f3, como es habitual con [&hellip;]<\/p>\n","protected":false},"author":7,"featured_media":22035,"comment_status":"closed","ping_status":"closed","sticky":false,"template":"","format":"standard","meta":{"footnotes":""},"categories":[53],"tags":[],"class_list":["post-22034","post","type-post","status-publish","format-standard","has-post-thumbnail","hentry","category-noticias-generales"],"lang":"es","translations":{"es":22034,"pt":22037},"pll_sync_post":[],"post_mailing_queue_ids":[],"_links":{"self":[{"href":"http:\/\/staging.ibermusicas.org\/index.php\/wp-json\/wp\/v2\/posts\/22034","targetHints":{"allow":["GET"]}}],"collection":[{"href":"http:\/\/staging.ibermusicas.org\/index.php\/wp-json\/wp\/v2\/posts"}],"about":[{"href":"http:\/\/staging.ibermusicas.org\/index.php\/wp-json\/wp\/v2\/types\/post"}],"author":[{"embeddable":true,"href":"http:\/\/staging.ibermusicas.org\/index.php\/wp-json\/wp\/v2\/users\/7"}],"replies":[{"embeddable":true,"href":"http:\/\/staging.ibermusicas.org\/index.php\/wp-json\/wp\/v2\/comments?post=22034"}],"version-history":[{"count":1,"href":"http:\/\/staging.ibermusicas.org\/index.php\/wp-json\/wp\/v2\/posts\/22034\/revisions"}],"predecessor-version":[{"id":22036,"href":"http:\/\/staging.ibermusicas.org\/index.php\/wp-json\/wp\/v2\/posts\/22034\/revisions\/22036"}],"wp:featuredmedia":[{"embeddable":true,"href":"http:\/\/staging.ibermusicas.org\/index.php\/wp-json\/wp\/v2\/media\/22035"}],"wp:attachment":[{"href":"http:\/\/staging.ibermusicas.org\/index.php\/wp-json\/wp\/v2\/media?parent=22034"}],"wp:term":[{"taxonomy":"category","embeddable":true,"href":"http:\/\/staging.ibermusicas.org\/index.php\/wp-json\/wp\/v2\/categories?post=22034"},{"taxonomy":"post_tag","embeddable":true,"href":"http:\/\/staging.ibermusicas.org\/index.php\/wp-json\/wp\/v2\/tags?post=22034"}],"curies":[{"name":"wp","href":"https:\/\/api.w.org\/{rel}","templated":true}]}}