{"id":22037,"date":"2025-04-14T16:46:23","date_gmt":"2025-04-14T16:46:23","guid":{"rendered":"http:\/\/staging.ibermusicas.org\/?p=22037"},"modified":"2025-04-28T18:25:50","modified_gmt":"2025-04-28T18:25:50","slug":"uma-nova-reuniao-anual-do-conselho-intergovernamental-do-programa-ibermusicas-foi-realizada-no-panama","status":"publish","type":"post","link":"http:\/\/staging.ibermusicas.org\/index.php\/uma-nova-reuniao-anual-do-conselho-intergovernamental-do-programa-ibermusicas-foi-realizada-no-panama\/","title":{"rendered":"Uma nova reuni\u00e3o anual do Conselho Intergovernamental do Programa Iberm\u00fasicas foi realizada no Panam\u00e1"},"content":{"rendered":"<p>A vig\u00e9sima segunda reuni\u00e3o do Conselho Intergovernamental do Programa Iberm\u00fasicas foi realizada na Cidade das Artes, na Cidade do Panam\u00e1, de 1 a 4 de dezembro de 2025, sob a dire\u00e7\u00e3o de sua presidenta Eul\u00edcia Esteves e organizada pelo Minist\u00e9rio da Cultura do Panam\u00e1.<\/p>\n<p>&nbsp;<\/p>\n<p>A reuni\u00e3o contou com a presen\u00e7a, como de costume, de representantes dos pa\u00edses que integram o programa e de representantes da CPLP (Comunidade de pa\u00edses de L\u00edngua Portuguesa) e da SEGIB (Secretaria Geral Iberoamericana), com a valiosa presen\u00e7a, como convidados, de representantes de Honduras, El Salvador e Guatemala e de um representante do CECC\/SICA (Coordinaci\u00f3n Educativa y Cultural Centroamericana \/ Sistema de la Integraci\u00f3n Centroamericana).<\/p>\n<p>&nbsp;<\/p>\n<p>O Conselho foi uma inst\u00e2ncia fundamental para revisar o progresso dos compromissos previamente adotados e dar curso a novas iniciativas estrat\u00e9gicas regionais, bem como para consolidar o papel do Iberm\u00fasicas como for\u00e7a motriz da coopera\u00e7\u00e3o musical ibero-americana. Durante as sess\u00f5es de trabalho, foi aprovado o Plano Operacional Anual 2025, foram avaliadas as a\u00e7\u00f5es desenvolvidas durante o \u00faltimo per\u00edodo e foram delineadas estrat\u00e9gias futuras para continuar promovendo a coopera\u00e7\u00e3o t\u00e9cnica e financeira no campo musical ibero-americano.<\/p>\n<p>&nbsp;<\/p>\n<p>O Conselho saudou os resultados de v\u00e1rias iniciativas de destaque que refletem a amplitude das a\u00e7\u00f5es do Programa:<\/p>\n<p>&nbsp;<\/p>\n<ul>\n<li>O edital conjunto com a CPLP, \u201cViagens pela m\u00fasica em l\u00edngua portuguesa\u201d, apoiou a circula\u00e7\u00e3o de artistas de pa\u00edses de l\u00edngua portuguesa na \u00c1frica e na \u00c1sia, consolidando um espa\u00e7o de coopera\u00e7\u00e3o pluricontinental.<\/li>\n<li>O Pr\u00eamio Brasil e o Pr\u00eamio Col\u00f4mbia no Mundo reconheceram iniciativas que divulgam a m\u00fasica dos dois pa\u00edses em v\u00e1rios continentes.<\/li>\n<li>Foi prestada homenagem \u00e0 figura de Nicomedes Santa Cruz, por meio de um concurso comemorativo promovido pelo Peru, com o objetivo de resgatar e projetar o legado afro-peruano.<\/li>\n<li>O Panam\u00e1 apresentou o projeto especial \u201cLas Realezas del Calypso\u201d, um festival que celebra o patrim\u00f4nio musical do Caribe centro-americano, com alcance regional e proje\u00e7\u00e3o internacional.<\/li>\n<li>O Paraguai anunciou a realiza\u00e7\u00e3o do MICSUR 2026 em Assun\u00e7\u00e3o, e a Venezuela fez um convite a m\u00fasicos ibero-americanos para treinar em sua rec\u00e9m-criada Universidade de M\u00fasica.<\/li>\n<li>As s\u00e9ries com curadoria Identidades Sonoras I e II apresentaram uma abordagem de audi\u00e7\u00e3o n\u00e3o hegem\u00f4nica em plataformas de streaming, destacando a riqueza do som da regi\u00e3o.<\/li>\n<\/ul>\n<p>&nbsp;<\/p>\n<p>Um dos avan\u00e7os mais significativos foi a apresenta\u00e7\u00e3o do projeto \u201cAcessibilidade e inclus\u00e3o cultural: rumo a uma Ibero-Am\u00e9rica para o desfrute de todos\u201d, que conta com o apoio da SEGIB. A iniciativa inclui a\u00e7\u00f5es espec\u00edficas de acessibilidade digital, a elabora\u00e7\u00e3o de guias pr\u00e1ticos para espa\u00e7os culturais e a realiza\u00e7\u00e3o de oficinas de capacita\u00e7\u00e3o em conjunto com a Funda\u00e7\u00e3o Music for All. Dessa forma, o Iberm\u00fasicas avan\u00e7a na garantia da igualdade de acesso \u00e0 vida cultural para pessoas com defici\u00eancia.<\/p>\n<p>&nbsp;<\/p>\n<p>Foi anunciado o desenvolvimento de duas novas ferramentas estrat\u00e9gicas para a profissionaliza\u00e7\u00e3o do setor:<\/p>\n<p>&nbsp;<\/p>\n<ul>\n<li>\u201cIberm\u00fasicas Global\u201d, uma plataforma digital que facilitar\u00e1 o encontro entre artistas e agentes culturais no circuito global internacional.<\/li>\n<li>\u201cA partir da Ibero-America\u201d, uma s\u00e9rie na web que documenta as experi\u00eancias de internacionaliza\u00e7\u00e3o de artistas independentes benefici\u00e1rios do Programa.<\/li>\n<\/ul>\n<p>&nbsp;<\/p>\n<p>O Conselho apresentou o progresso do Observat\u00f3rio Iberm\u00fasicas, que sistematiza mais de uma d\u00e9cada de dados sobre o setor musical com uma abordagem interseccional, incorporando vari\u00e1veis de g\u00eanero, etnia, juventude e territorialidade. Al\u00e9m disso, foi analisada a participa\u00e7\u00e3o de mais de 1.600 candidaturas \u00e0s convocat\u00f3rias de 2024, confirmando o crescente alcance e a relev\u00e2ncia do Programa na regi\u00e3o, o que nos incentiva a continuar ampliando os or\u00e7amentos.<\/p>\n<p>&nbsp;<\/p>\n<p>Mais de 14 linhas de convoca\u00e7\u00e3o foram aprovadas para o ciclo de 2025, que incluir\u00e3o:<\/p>\n<p>&nbsp;<\/p>\n<ul>\n<li>Apoio \u00e0 circula\u00e7\u00e3o, resid\u00eancias, especializa\u00e7\u00e3o e projetos virtuais.<\/li>\n<li>O retorno do concurso de composi\u00e7\u00e3o da Banda Sinf\u00f4nica, com estreias na Col\u00f4mbia, Costa Rica, Cuba, M\u00e9xico e Venezuela.<\/li>\n<li>A 13\u00aa edi\u00e7\u00e3o do Pr\u00eamio Iberm\u00fasicas de Can\u00e7\u00f5es para Crian\u00e7as, com foco especial em migra\u00e7\u00e3o e diversidade.<\/li>\n<li>Sinergias com organiza\u00e7\u00f5es como CPLP, MidAtlanticArts e v\u00e1rios pa\u00edses fora da regi\u00e3o.<\/li>\n<\/ul>\n<p>&nbsp;<\/p>\n<p>Foi estabelecido o calend\u00e1rio oficial de inscri\u00e7\u00f5es para as convocat\u00f3rias de 2025, com abertura em 2 de junho, encerramento em 1\u00ba de outubro e an\u00fancio dos resultados previsto para 28 de novembro de 2025.<\/p>\n<p>&nbsp;<\/p>\n<p>Foi consolidada a Rede Ibero-Americana de Orquestras Sinf\u00f4nicas (RIOS), que re\u00fane mais de 70 institui\u00e7\u00f5es e organizar\u00e1 sua primeira reuni\u00e3o em novembro, em Santiago do Chile.<\/p>\n<p>&nbsp;<\/p>\n<p>Al\u00e9m disso, foi destacada a amplia\u00e7\u00e3o do Cat\u00e1logo Ibero-Americano de Partituras, cuja apresenta\u00e7\u00e3o internacional ocorrer\u00e1 na feira Classical:NEXT (Berlim).<\/p>\n<p>&nbsp;<\/p>\n<p>Foram celebradas as estreias de obras sinf\u00f4nicas e anunciadas as futuras apresenta\u00e7\u00f5es de obras corais premiadas pelo Programa Iberm\u00fasicas em Cuba e na Venezuela para as temporadas de 2024 e 2025.<\/p>\n<p>&nbsp;<\/p>\n<p>O Iberm\u00fasicas reiterou seu compromisso de apoiar as indica\u00e7\u00f5es de manifesta\u00e7\u00f5es musicais tradicionais da regi\u00e3o \u00e0 UNESCO, oferecendo apoio institucional aos arquivos ibero-americanos em processo de reconhecimento como Patrim\u00f4nio Cultural Imaterial da Humanidade.<\/p>\n<p>&nbsp;<\/p>\n<p>Os pa\u00edses membros compartilharam marcos normativos e estrat\u00e9gias nacionais, fortalecendo o interc\u00e2mbio de boas pr\u00e1ticas e o di\u00e1logo intergovernamental, constituindo uma a\u00e7\u00e3o estrat\u00e9gica para a coopera\u00e7\u00e3o internacional efetiva para a melhoria cont\u00ednua das pol\u00edticas p\u00fablicas. Destacou-se a experi\u00eancia de Cuba, que integrou as obras vencedoras do Programa aos curr\u00edculos de seus conservat\u00f3rios, e do M\u00e9xico, que est\u00e1 trabalhando na padroniza\u00e7\u00e3o dos cat\u00e1logos nacionais de publica\u00e7\u00f5es com o Cat\u00e1logo Ibero-Americano de Partituras.<\/p>\n<p>&nbsp;<\/p>\n<p>Por fim, foi apresentado o projeto \u201cA m\u00fasica na era digital\u201d, que abrir\u00e1 um espa\u00e7o regional de reflex\u00e3o sobre os impactos da intelig\u00eancia artificial, das plataformas de distribui\u00e7\u00e3o digital, dos direitos culturais e da sustentabilidade econ\u00f4mica do setor musical no contexto atual.<\/p>\n<p>&nbsp;<\/p>\n<p>No dia da abertura, o Conselho Intergovernamental Iberm\u00fasicas teve a honra de contar com a presen\u00e7a de Mar\u00eda Eugenia Herrera, Ministra da Cultura do Panam\u00e1, que em seu discurso de boas-vindas expressou estas belas palavras: <em>\u00abObrigado por estarem aqui, por continuarem acreditando na cultura como um direito de todos os povos e na m\u00fasica como uma ponte de transforma\u00e7\u00e3o, como uma linguagem que nos une.<\/em> <em>Que este seja um dia frut\u00edfero para todos n\u00f3s.<\/em> <em>Sejam bem-vindos ao Panam\u00e1 e lembremos sempre: a arte nos une e a cultura nos enriquece\u201d.<\/em><\/p>\n","protected":false},"excerpt":{"rendered":"<p>A vig\u00e9sima segunda reuni\u00e3o do Conselho Intergovernamental do Programa Iberm\u00fasicas foi realizada na Cidade das Artes, na Cidade do Panam\u00e1, de 1 a 4 de dezembro de 2025, sob a dire\u00e7\u00e3o de sua presidenta Eul\u00edcia Esteves e organizada pelo Minist\u00e9rio da Cultura do Panam\u00e1. &nbsp; A reuni\u00e3o contou com a presen\u00e7a, como de costume, de [&hellip;]<\/p>\n","protected":false},"author":7,"featured_media":22035,"comment_status":"closed","ping_status":"closed","sticky":false,"template":"","format":"standard","meta":{"footnotes":""},"categories":[218],"tags":[],"class_list":["post-22037","post","type-post","status-publish","format-standard","has-post-thumbnail","hentry","category-noticias-generales-pt"],"lang":"pt","translations":{"pt":22037,"es":22034},"pll_sync_post":[],"post_mailing_queue_ids":[],"_links":{"self":[{"href":"http:\/\/staging.ibermusicas.org\/index.php\/wp-json\/wp\/v2\/posts\/22037","targetHints":{"allow":["GET"]}}],"collection":[{"href":"http:\/\/staging.ibermusicas.org\/index.php\/wp-json\/wp\/v2\/posts"}],"about":[{"href":"http:\/\/staging.ibermusicas.org\/index.php\/wp-json\/wp\/v2\/types\/post"}],"author":[{"embeddable":true,"href":"http:\/\/staging.ibermusicas.org\/index.php\/wp-json\/wp\/v2\/users\/7"}],"replies":[{"embeddable":true,"href":"http:\/\/staging.ibermusicas.org\/index.php\/wp-json\/wp\/v2\/comments?post=22037"}],"version-history":[{"count":1,"href":"http:\/\/staging.ibermusicas.org\/index.php\/wp-json\/wp\/v2\/posts\/22037\/revisions"}],"predecessor-version":[{"id":22038,"href":"http:\/\/staging.ibermusicas.org\/index.php\/wp-json\/wp\/v2\/posts\/22037\/revisions\/22038"}],"wp:featuredmedia":[{"embeddable":true,"href":"http:\/\/staging.ibermusicas.org\/index.php\/wp-json\/wp\/v2\/media\/22035"}],"wp:attachment":[{"href":"http:\/\/staging.ibermusicas.org\/index.php\/wp-json\/wp\/v2\/media?parent=22037"}],"wp:term":[{"taxonomy":"category","embeddable":true,"href":"http:\/\/staging.ibermusicas.org\/index.php\/wp-json\/wp\/v2\/categories?post=22037"},{"taxonomy":"post_tag","embeddable":true,"href":"http:\/\/staging.ibermusicas.org\/index.php\/wp-json\/wp\/v2\/tags?post=22037"}],"curies":[{"name":"wp","href":"https:\/\/api.w.org\/{rel}","templated":true}]}}