{"id":22039,"date":"2025-04-14T16:50:01","date_gmt":"2025-04-14T16:50:01","guid":{"rendered":"http:\/\/staging.ibermusicas.org\/?p=22039"},"modified":"2025-04-28T17:57:51","modified_gmt":"2025-04-28T17:57:51","slug":"la-agrupacion-colombiana-zumbao-se-encuentra-realizando-su-gira-europea-por-escenarios-de-espana-francia-y-belgica","status":"publish","type":"post","link":"http:\/\/staging.ibermusicas.org\/index.php\/la-agrupacion-colombiana-zumbao-se-encuentra-realizando-su-gira-europea-por-escenarios-de-espana-francia-y-belgica\/","title":{"rendered":"La agrupaci\u00f3n colombiana Zumbao se encuentra realizando su gira europea por escenarios de Espa\u00f1a, Francia y B\u00e9lgica"},"content":{"rendered":"<p>Zumbao es un conjunto de j\u00f3venes virtuosos que han sobresalido en el campo cultural Colombiano nacido de la necesidad de dar a conocer las expresiones musicales de los llanos colombo venezolanos, las cuales por ser tan ricas y diversas se constituyen en un baluarte importante de la cultura musical de la regi\u00f3n.<\/p>\n<p>&nbsp;<\/p>\n<p>Su trabajo abarca diferentes posibilidades de estilos, formatos y sonoridades, incorporando los instrumentos tradicionales del formato llanero: arpa, cuatro, voz, bajo el\u00e9ctrico y maracas, en un recorrido por los golpes, pasajes y formas de canto y de creaci\u00f3n art\u00edstica que tienen vigencia actualmente en los llanos.<\/p>\n<p>&nbsp;<\/p>\n<p>Esta gira de Zumbao cuenta con el apoyo de Iberm\u00fasicas mediante su l\u00ednea de \u201cAyuda a la circulaci\u00f3n de profesionales de la m\u00fasica\u201d, convocatoria 2024.<\/p>\n","protected":false},"excerpt":{"rendered":"<p>Zumbao es un conjunto de j\u00f3venes virtuosos que han sobresalido en el campo cultural Colombiano nacido de la necesidad de dar a conocer las expresiones musicales de los llanos colombo venezolanos, las cuales por ser tan ricas y diversas se constituyen en un baluarte importante de la cultura musical de la regi\u00f3n. &nbsp; Su trabajo [&hellip;]<\/p>\n","protected":false},"author":7,"featured_media":22040,"comment_status":"closed","ping_status":"closed","sticky":false,"template":"","format":"standard","meta":{"footnotes":""},"categories":[53],"tags":[],"class_list":["post-22039","post","type-post","status-publish","format-standard","has-post-thumbnail","hentry","category-noticias-generales"],"lang":"es","translations":{"es":22039,"pt":22042},"pll_sync_post":[],"post_mailing_queue_ids":[],"_links":{"self":[{"href":"http:\/\/staging.ibermusicas.org\/index.php\/wp-json\/wp\/v2\/posts\/22039","targetHints":{"allow":["GET"]}}],"collection":[{"href":"http:\/\/staging.ibermusicas.org\/index.php\/wp-json\/wp\/v2\/posts"}],"about":[{"href":"http:\/\/staging.ibermusicas.org\/index.php\/wp-json\/wp\/v2\/types\/post"}],"author":[{"embeddable":true,"href":"http:\/\/staging.ibermusicas.org\/index.php\/wp-json\/wp\/v2\/users\/7"}],"replies":[{"embeddable":true,"href":"http:\/\/staging.ibermusicas.org\/index.php\/wp-json\/wp\/v2\/comments?post=22039"}],"version-history":[{"count":1,"href":"http:\/\/staging.ibermusicas.org\/index.php\/wp-json\/wp\/v2\/posts\/22039\/revisions"}],"predecessor-version":[{"id":22041,"href":"http:\/\/staging.ibermusicas.org\/index.php\/wp-json\/wp\/v2\/posts\/22039\/revisions\/22041"}],"wp:featuredmedia":[{"embeddable":true,"href":"http:\/\/staging.ibermusicas.org\/index.php\/wp-json\/wp\/v2\/media\/22040"}],"wp:attachment":[{"href":"http:\/\/staging.ibermusicas.org\/index.php\/wp-json\/wp\/v2\/media?parent=22039"}],"wp:term":[{"taxonomy":"category","embeddable":true,"href":"http:\/\/staging.ibermusicas.org\/index.php\/wp-json\/wp\/v2\/categories?post=22039"},{"taxonomy":"post_tag","embeddable":true,"href":"http:\/\/staging.ibermusicas.org\/index.php\/wp-json\/wp\/v2\/tags?post=22039"}],"curies":[{"name":"wp","href":"https:\/\/api.w.org\/{rel}","templated":true}]}}