{"id":22042,"date":"2025-04-14T16:51:04","date_gmt":"2025-04-14T16:51:04","guid":{"rendered":"http:\/\/staging.ibermusicas.org\/?p=22042"},"modified":"2025-04-28T18:25:35","modified_gmt":"2025-04-28T18:25:35","slug":"o-grupo-colombiano-zumbao-esta-atualmente-em-turne-pela-europa-nos-palcos-da-espanha-franca-e-belgica","status":"publish","type":"post","link":"http:\/\/staging.ibermusicas.org\/index.php\/o-grupo-colombiano-zumbao-esta-atualmente-em-turne-pela-europa-nos-palcos-da-espanha-franca-e-belgica\/","title":{"rendered":"O grupo colombiano Zumbao est\u00e1 atualmente em turn\u00ea pela Europa, nos palcos da Espanha, Fran\u00e7a e B\u00e9lgica"},"content":{"rendered":"<p>Zumbao \u00e9 um grupo de jovens virtuosos que se destacam no campo cultural colombiano, nascido da necessidade de tornar conhecidas as express\u00f5es musicais das plan\u00edcies colombiano-venezuelanas, que s\u00e3o t\u00e3o ricas e diversificadas que constituem um importante basti\u00e3o da cultura musical da regi\u00e3o.<\/p>\n<p>&nbsp;<\/p>\n<p>Seu trabalho abrange diferentes possibilidades de estilos, formatos e sonoridades, incorporando os instrumentos tradicionais do formato llanero: harpa, cuatro, voz, baixo el\u00e9trico e maracas, em uma viagem pelas batidas, passagens e formas de canto e cria\u00e7\u00e3o art\u00edstica que vigoram atualmente nas plan\u00edcies.<\/p>\n<p>&nbsp;<\/p>\n<p>Essa turn\u00ea do Zumbao conta com o apoio do Iberm\u00fasicas por meio de sua linha \u201cApoio \u00e0 circula\u00e7\u00e3o de profissionais da m\u00fasica\u201d, chamada 2024.<\/p>\n","protected":false},"excerpt":{"rendered":"<p>Zumbao \u00e9 um grupo de jovens virtuosos que se destacam no campo cultural colombiano, nascido da necessidade de tornar conhecidas as express\u00f5es musicais das plan\u00edcies colombiano-venezuelanas, que s\u00e3o t\u00e3o ricas e diversificadas que constituem um importante basti\u00e3o da cultura musical da regi\u00e3o. &nbsp; Seu trabalho abrange diferentes possibilidades de estilos, formatos e sonoridades, incorporando os [&hellip;]<\/p>\n","protected":false},"author":7,"featured_media":22040,"comment_status":"closed","ping_status":"closed","sticky":false,"template":"","format":"standard","meta":{"footnotes":""},"categories":[218],"tags":[],"class_list":["post-22042","post","type-post","status-publish","format-standard","has-post-thumbnail","hentry","category-noticias-generales-pt"],"lang":"pt","translations":{"pt":22042,"es":22039},"pll_sync_post":[],"post_mailing_queue_ids":[],"_links":{"self":[{"href":"http:\/\/staging.ibermusicas.org\/index.php\/wp-json\/wp\/v2\/posts\/22042","targetHints":{"allow":["GET"]}}],"collection":[{"href":"http:\/\/staging.ibermusicas.org\/index.php\/wp-json\/wp\/v2\/posts"}],"about":[{"href":"http:\/\/staging.ibermusicas.org\/index.php\/wp-json\/wp\/v2\/types\/post"}],"author":[{"embeddable":true,"href":"http:\/\/staging.ibermusicas.org\/index.php\/wp-json\/wp\/v2\/users\/7"}],"replies":[{"embeddable":true,"href":"http:\/\/staging.ibermusicas.org\/index.php\/wp-json\/wp\/v2\/comments?post=22042"}],"version-history":[{"count":1,"href":"http:\/\/staging.ibermusicas.org\/index.php\/wp-json\/wp\/v2\/posts\/22042\/revisions"}],"predecessor-version":[{"id":22043,"href":"http:\/\/staging.ibermusicas.org\/index.php\/wp-json\/wp\/v2\/posts\/22042\/revisions\/22043"}],"wp:featuredmedia":[{"embeddable":true,"href":"http:\/\/staging.ibermusicas.org\/index.php\/wp-json\/wp\/v2\/media\/22040"}],"wp:attachment":[{"href":"http:\/\/staging.ibermusicas.org\/index.php\/wp-json\/wp\/v2\/media?parent=22042"}],"wp:term":[{"taxonomy":"category","embeddable":true,"href":"http:\/\/staging.ibermusicas.org\/index.php\/wp-json\/wp\/v2\/categories?post=22042"},{"taxonomy":"post_tag","embeddable":true,"href":"http:\/\/staging.ibermusicas.org\/index.php\/wp-json\/wp\/v2\/tags?post=22042"}],"curies":[{"name":"wp","href":"https:\/\/api.w.org\/{rel}","templated":true}]}}