{"id":22044,"date":"2025-04-14T16:52:17","date_gmt":"2025-04-14T16:52:17","guid":{"rendered":"http:\/\/staging.ibermusicas.org\/?p=22044"},"modified":"2025-04-28T17:57:40","modified_gmt":"2025-04-28T17:57:40","slug":"comienza-habitar-la-ruina-laboratorio-experimental-de-procesos-creativos-y-colaboracion-virtual","status":"publish","type":"post","link":"http:\/\/staging.ibermusicas.org\/index.php\/comienza-habitar-la-ruina-laboratorio-experimental-de-procesos-creativos-y-colaboracion-virtual\/","title":{"rendered":"Comienza \u201cHabitar la Ruina &#8211; Laboratorio experimental de procesos creativos y colaboraci\u00f3n virtual\u201d"},"content":{"rendered":"<p>El proyecto \u00abHabitar la Ruina\u00bb propone un laboratorio virtual con integrantes del Proyecto Ars Nova (M\u00e9xico), el Sexteto M\u00edstico (M\u00e9xico) y Violeta Morales (Chile) como creadora de visuales. El proyecto tiene como objetivo crear un espacio de colaboraci\u00f3n art\u00edstica desde la distancia, en vistas a un producto art\u00edstico surgido de la composici\u00f3n musical, la creaci\u00f3n audiovisual y la interpretaci\u00f3n musical.<\/p>\n<p>&nbsp;<\/p>\n<p>A lo largo de cinco etapas, los participantes compartir\u00e1n estrategias creativas en entornos virtuales, culminando en una experiencia audiovisual. Posteriormente, se realizar\u00e1n jornadas virtuales y presenciales de talleres, conferencias y conciertos para la comunidad, en paralelo a la producci\u00f3n del disco. El proyecto fomenta la colaboraci\u00f3n y cuestiona modelos jer\u00e1rquicos en las artes, creando una red de apoyo y documentando todo el proceso.<\/p>\n<p>&nbsp;<\/p>\n<p>Nacido en el 2019, el Proyecto Ars Nova busca la creaci\u00f3n, colaboraci\u00f3n, reflexi\u00f3n y difusi\u00f3n de la m\u00fasica contempor\u00e1nea. Fundado por los j\u00f3venes compositores Erick Garc\u00e9s Ram\u00edrez, Onir Garc\u00eda Cerda y Gabriel Ayala Rom\u00e1n, el proyecto busca generar un espacio f\u00e9rtil para el intercambio de ideas, conocimientos y reflexiones sobre el proceso creativo que confluyan en resultados de obras nuevas y proyectos en conjunto con ensambles, int\u00e9rpretes, y creadores de otras ramas art\u00edsticas.<\/p>\n<p>&nbsp;<\/p>\n<p>Para el proyecto es importante reescribir la relaci\u00f3n entre creador e int\u00e9rprete, o incluso, entre creativos involucrados, donde los proyectos sean trabajos completamente colectivos. La reflexi\u00f3n sobre el proceso creativo se busca redefinir como uno de los pilares fundamentales de la generaci\u00f3n art\u00edstica, de su difusi\u00f3n y del crecimiento propio del artista; el generar la obra de arte no es el \u00fanico ejercicio importante del creador, lo es tambi\u00e9n los procesos de comunicaci\u00f3n, de obtenci\u00f3n de conocimiento, cuestionamiento, consigo mismo y con los dem\u00e1s.<\/p>\n<p>&nbsp;<\/p>\n<p>El ensamble Sexteto M\u00edstico surgi\u00f3 por la inquietud de tocar la obra hom\u00f3nima del compositor Heitor Villa-Lobos. Tras esto se inici\u00f3 el proyecto de comisi\u00f3n de obras para esta alineaci\u00f3n, explorando as\u00ed su riqueza t\u00edmbrica. Con el trabajo colaborativo entre compositores nuevos y este sexteto, se busca acercar esta m\u00fasica viva a los o\u00eddos interesados en la m\u00fasica de c\u00e1mara. As\u00ed mismo, el ensamble es un laboratorio para la difusi\u00f3n de la obra de nuevos compositores. Algunos de ellos son: Felipe P\u00e9rez Santiago, Francisco Cort\u00e9s, Marie Gabrielle Blix, Erick Tapia, Andrea Sarah\u00ed, entre otros. Se han presentado en distinguidos recintos dentro de la CDMX como en Europa.<\/p>\n<p>&nbsp;<\/p>\n<p>Los procesos y pensamientos creativos de Violeta Morales se inician con el encuentro y observaci\u00f3n de distintas situaciones materiales, tanto accidentales como intencionales, dentro del espacio p\u00fablico, la calle, y las actividades que all\u00ed se generan. La recolecci\u00f3n de objetos ha sido siempre un punto de partida en sus\u00a0 trabajos, y un impulso creativo, con el cual intenta generar un sentido y un relato desde la observaci\u00f3n e intuici\u00f3n del potencial est\u00e9tico y simb\u00f3lico que contienen. A trav\u00e9s de la integraci\u00f3n de cuerpos humanos, animales o h\u00edbridos, genera un v\u00ednvulo entre estos cuerpos y los elementos de los cuales dispone, a\u00f1adiendo una dimensi\u00f3n emocional conectada con la vida animal y humana que contrasta con la aton\u00eda de los objetos y materiales (como el cemento) que conviven con sus cuerpos.<\/p>\n<p>&nbsp;<\/p>\n<ul>\n<li>S\u00e1bado 12 de abril: La enso\u00f1aci\u00f3n a trav\u00e9s del trazo. Eunice Shanti y Luc\u00eda Rodr\u00edguez<\/li>\n<li>S\u00e1bado 19 de abril: Mapas y Nodos. Coordinaci\u00f3n: Gonzalo T. Alonso<\/li>\n<li>S\u00e1bado 26 de abril: Luvina Software. Coordinaci\u00f3n: Onir Garc\u00eda y Tamara Miller<\/li>\n<li>S\u00e1bado 3 de mayo: Synth-nestesia. Coordinaci\u00f3n: Jes Bernal y Rodolfo Rogel<\/li>\n<li>S\u00e1bado 10 de mayo: Sonorizaci\u00f3n de videos. Coordinaci\u00f3n: Violeta Morales y Tlaloc Mu\u00f1oz<\/li>\n<li>S\u00e1bado 17 de mayo: Cierre y s\u00edntesis del laboratorio colaborativo<\/li>\n<\/ul>\n<p>Canal de Youtube de del Proyecto Ars Nova: <a href=\"https:\/\/www.youtube.com\/@_Proyecto_Ars_Nova\" target=\"_blank\" rel=\"noopener\">https:\/\/www.youtube.com\/@_Proyecto_Ars_Nova<\/a><\/p>\n<p>&nbsp;<\/p>\n","protected":false},"excerpt":{"rendered":"<p>El proyecto \u00abHabitar la Ruina\u00bb propone un laboratorio virtual con integrantes del Proyecto Ars Nova (M\u00e9xico), el Sexteto M\u00edstico (M\u00e9xico) y Violeta Morales (Chile) como creadora de visuales. El proyecto tiene como objetivo crear un espacio de colaboraci\u00f3n art\u00edstica desde la distancia, en vistas a un producto art\u00edstico surgido de la composici\u00f3n musical, la creaci\u00f3n [&hellip;]<\/p>\n","protected":false},"author":7,"featured_media":22045,"comment_status":"closed","ping_status":"closed","sticky":false,"template":"","format":"standard","meta":{"footnotes":""},"categories":[53],"tags":[],"class_list":["post-22044","post","type-post","status-publish","format-standard","has-post-thumbnail","hentry","category-noticias-generales"],"lang":"es","translations":{"es":22044,"pt":22047},"pll_sync_post":[],"post_mailing_queue_ids":[],"_links":{"self":[{"href":"http:\/\/staging.ibermusicas.org\/index.php\/wp-json\/wp\/v2\/posts\/22044","targetHints":{"allow":["GET"]}}],"collection":[{"href":"http:\/\/staging.ibermusicas.org\/index.php\/wp-json\/wp\/v2\/posts"}],"about":[{"href":"http:\/\/staging.ibermusicas.org\/index.php\/wp-json\/wp\/v2\/types\/post"}],"author":[{"embeddable":true,"href":"http:\/\/staging.ibermusicas.org\/index.php\/wp-json\/wp\/v2\/users\/7"}],"replies":[{"embeddable":true,"href":"http:\/\/staging.ibermusicas.org\/index.php\/wp-json\/wp\/v2\/comments?post=22044"}],"version-history":[{"count":3,"href":"http:\/\/staging.ibermusicas.org\/index.php\/wp-json\/wp\/v2\/posts\/22044\/revisions"}],"predecessor-version":[{"id":22261,"href":"http:\/\/staging.ibermusicas.org\/index.php\/wp-json\/wp\/v2\/posts\/22044\/revisions\/22261"}],"wp:featuredmedia":[{"embeddable":true,"href":"http:\/\/staging.ibermusicas.org\/index.php\/wp-json\/wp\/v2\/media\/22045"}],"wp:attachment":[{"href":"http:\/\/staging.ibermusicas.org\/index.php\/wp-json\/wp\/v2\/media?parent=22044"}],"wp:term":[{"taxonomy":"category","embeddable":true,"href":"http:\/\/staging.ibermusicas.org\/index.php\/wp-json\/wp\/v2\/categories?post=22044"},{"taxonomy":"post_tag","embeddable":true,"href":"http:\/\/staging.ibermusicas.org\/index.php\/wp-json\/wp\/v2\/tags?post=22044"}],"curies":[{"name":"wp","href":"https:\/\/api.w.org\/{rel}","templated":true}]}}