{"id":22047,"date":"2025-04-14T16:53:55","date_gmt":"2025-04-14T16:53:55","guid":{"rendered":"http:\/\/staging.ibermusicas.org\/?p=22047"},"modified":"2025-04-28T18:25:29","modified_gmt":"2025-04-28T18:25:29","slug":"comeca-habitar-a-ruina-laboratorio-experimental-para-processos-criativos-e-colaboracao-virtual","status":"publish","type":"post","link":"http:\/\/staging.ibermusicas.org\/index.php\/comeca-habitar-a-ruina-laboratorio-experimental-para-processos-criativos-e-colaboracao-virtual\/","title":{"rendered":"Come\u00e7a \u201cHabitar a Ru\u00edna &#8211; Laborat\u00f3rio experimental para processos criativos e colabora\u00e7\u00e3o virtual\u201d"},"content":{"rendered":"<p>O projeto \u201cHabitar a Ru\u00edna\u201d prop\u00f5e um laborat\u00f3rio virtual com membros do Proyecto Ars Nova (M\u00e9xico), Sexteto M\u00edstico (M\u00e9xico) e Violeta Morales (Chile) como artista visual. O projeto tem como objetivo criar um espa\u00e7o para a colabora\u00e7\u00e3o art\u00edstica \u00e0 dist\u00e2ncia, com vistas a um produto art\u00edstico resultante da composi\u00e7\u00e3o musical, cria\u00e7\u00e3o audiovisual e performance musical.<\/p>\n<p>&nbsp;<\/p>\n<p>Em cinco etapas, os participantes compartilhar\u00e3o estrat\u00e9gias criativas em ambientes virtuais, culminando em uma experi\u00eancia audiovisual. Posteriormente, ser\u00e3o realizados workshops virtuais e presenciais, confer\u00eancias e shows para a comunidade, paralelamente \u00e0 produ\u00e7\u00e3o do \u00e1lbum. O projeto incentiva a colabora\u00e7\u00e3o e questiona modelos hier\u00e1rquicos nas artes, criando uma rede de apoio e documentando todo o processo.<\/p>\n<p>&nbsp;<\/p>\n<p>Nascido em 2019, o Projeto Ars Nova busca a cria\u00e7\u00e3o, a colabora\u00e7\u00e3o, a reflex\u00e3o e a divulga\u00e7\u00e3o da m\u00fasica contempor\u00e2nea. Fundado pelos jovens compositores Erick Garc\u00e9s Ram\u00edrez, Onir Garc\u00eda Cerda e Gabriel Ayala Rom\u00e1n, o projeto busca gerar um espa\u00e7o f\u00e9rtil para a troca de ideias, conhecimentos e reflex\u00f5es sobre o processo criativo que levar\u00e1 a novas obras e projetos conjuntos.<\/p>\n<p>&nbsp;<\/p>\n<p>\u00c9 importante para eles que o projeto reescreva a rela\u00e7\u00e3o entre o criador e o int\u00e9rprete, ou mesmo entre os criativos envolvidos, quando os projetos forem totalmente coletivos. A reflex\u00e3o sobre o processo criativo \u00e9 redefinida como um dos pilares fundamentais da gera\u00e7\u00e3o art\u00edstica, sua dissemina\u00e7\u00e3o e o pr\u00f3prio crescimento do artista; gerar a obra de arte n\u00e3o \u00e9 o \u00fanico exerc\u00edcio importante do criador, mas tamb\u00e9m os processos de comunica\u00e7\u00e3o, de obten\u00e7\u00e3o de conhecimento, de questionamento, consigo mesmo e com os outros.<\/p>\n<p>&nbsp;<\/p>\n<p>O conjunto Sexteto M\u00edstico nasceu do desejo de tocar a obra hom\u00f4nima do compositor Heitor Villa-Lobos. A partir da\u00ed, iniciou-se o projeto de encomendar obras para essa forma\u00e7\u00e3o, explorando assim sua riqueza t\u00edmbrica. Com o trabalho colaborativo entre novos compositores e esse sexteto, o objetivo \u00e9 levar essa m\u00fasica viva aos ouvidos dos interessados em m\u00fasica de c\u00e2mara. Da mesma forma, o conjunto \u00e9 um laborat\u00f3rio para a divulga\u00e7\u00e3o do trabalho de novos compositores. Alguns deles s\u00e3o: Felipe P\u00e9rez Santiago, Francisco Cort\u00e9s, Marie Gabrielle Blix, Erick Tapia, Andrea Sarah\u00ed, entre outros. Eles se apresentaram em locais distintos na Cidade do M\u00e9xico e na Europa.<\/p>\n<p>&nbsp;<\/p>\n<p>Os processos e pensamentos criativos de Violeta Morales come\u00e7am com o encontro e a observa\u00e7\u00e3o de diferentes situa\u00e7\u00f5es materiais, tanto acidentais quanto intencionais, no espa\u00e7o p\u00fablico, na rua e nas atividades que s\u00e3o geradas ali. A cole\u00e7\u00e3o de objetos sempre foi um ponto de partida em seu trabalho e um impulso criativo, com o qual ela tenta gerar um significado e uma hist\u00f3ria a partir da observa\u00e7\u00e3o e da intui\u00e7\u00e3o do potencial est\u00e9tico e simb\u00f3lico que eles cont\u00eam. Por meio da integra\u00e7\u00e3o de corpos humanos, animais ou h\u00edbridos, ela gera um v\u00ednculo entre esses corpos e os elementos \u00e0 sua disposi\u00e7\u00e3o, acrescentando uma dimens\u00e3o emocional ligada \u00e0 vida animal e humana que contrasta com a atonia dos objetos e materiais (como o cimento) que coexistem com seus corpos.<\/p>\n<ul>\n<li>S\u00e1bado, 12 de abril: Sonhando atrav\u00e9s da linha. Eunice Shanti e Luc\u00eda Rodr\u00edguez<\/li>\n<li>S\u00e1bado, 19 de abril: Mapas e n\u00f3s. Coordena\u00e7\u00e3o: Gonzalo T. Alonso<\/li>\n<li>S\u00e1bado, 26 de abril: Luvina Software. Coordena\u00e7\u00e3o: Onir Garc\u00eda e Tamara Miller<\/li>\n<li>S\u00e1bado, 3 de maio: Synth-nesthesia. Coordena\u00e7\u00e3o: Jes Bernal e Rodolfo Rogel<\/li>\n<li>S\u00e1bado, 10 de maio: Som de v\u00eddeo. Coordena\u00e7\u00e3o: Violeta Morales e Tlaloc Mu\u00f1oz<\/li>\n<li>S\u00e1bado, 17 de maio: Encerramento e s\u00edntese do laborat\u00f3rio colaborativo<\/li>\n<\/ul>\n<p>Canal do Projeto Ars Nova no YouTube: <a href=\"https:\/\/www.youtube.com\/@_Proyecto_Ars_Nova\" target=\"_blank\" rel=\"noopener\">https:\/\/www.youtube.com\/@_Proyecto_Ars_Nova<\/a><\/p>\n","protected":false},"excerpt":{"rendered":"<p>O projeto \u201cHabitar a Ru\u00edna\u201d prop\u00f5e um laborat\u00f3rio virtual com membros do Proyecto Ars Nova (M\u00e9xico), Sexteto M\u00edstico (M\u00e9xico) e Violeta Morales (Chile) como artista visual. O projeto tem como objetivo criar um espa\u00e7o para a colabora\u00e7\u00e3o art\u00edstica \u00e0 dist\u00e2ncia, com vistas a um produto art\u00edstico resultante da composi\u00e7\u00e3o musical, cria\u00e7\u00e3o audiovisual e performance musical. [&hellip;]<\/p>\n","protected":false},"author":7,"featured_media":22045,"comment_status":"closed","ping_status":"closed","sticky":false,"template":"","format":"standard","meta":{"footnotes":""},"categories":[218],"tags":[],"class_list":["post-22047","post","type-post","status-publish","format-standard","has-post-thumbnail","hentry","category-noticias-generales-pt"],"lang":"pt","translations":{"pt":22047,"es":22044},"pll_sync_post":[],"post_mailing_queue_ids":[],"_links":{"self":[{"href":"http:\/\/staging.ibermusicas.org\/index.php\/wp-json\/wp\/v2\/posts\/22047","targetHints":{"allow":["GET"]}}],"collection":[{"href":"http:\/\/staging.ibermusicas.org\/index.php\/wp-json\/wp\/v2\/posts"}],"about":[{"href":"http:\/\/staging.ibermusicas.org\/index.php\/wp-json\/wp\/v2\/types\/post"}],"author":[{"embeddable":true,"href":"http:\/\/staging.ibermusicas.org\/index.php\/wp-json\/wp\/v2\/users\/7"}],"replies":[{"embeddable":true,"href":"http:\/\/staging.ibermusicas.org\/index.php\/wp-json\/wp\/v2\/comments?post=22047"}],"version-history":[{"count":2,"href":"http:\/\/staging.ibermusicas.org\/index.php\/wp-json\/wp\/v2\/posts\/22047\/revisions"}],"predecessor-version":[{"id":22262,"href":"http:\/\/staging.ibermusicas.org\/index.php\/wp-json\/wp\/v2\/posts\/22047\/revisions\/22262"}],"wp:featuredmedia":[{"embeddable":true,"href":"http:\/\/staging.ibermusicas.org\/index.php\/wp-json\/wp\/v2\/media\/22045"}],"wp:attachment":[{"href":"http:\/\/staging.ibermusicas.org\/index.php\/wp-json\/wp\/v2\/media?parent=22047"}],"wp:term":[{"taxonomy":"category","embeddable":true,"href":"http:\/\/staging.ibermusicas.org\/index.php\/wp-json\/wp\/v2\/categories?post=22047"},{"taxonomy":"post_tag","embeddable":true,"href":"http:\/\/staging.ibermusicas.org\/index.php\/wp-json\/wp\/v2\/tags?post=22047"}],"curies":[{"name":"wp","href":"https:\/\/api.w.org\/{rel}","templated":true}]}}