{"id":22049,"date":"2025-04-14T16:55:49","date_gmt":"2025-04-14T16:55:49","guid":{"rendered":"http:\/\/staging.ibermusicas.org\/?p=22049"},"modified":"2025-04-28T17:57:31","modified_gmt":"2025-04-28T17:57:31","slug":"el-maestro-eduardo-ferraudi-de-argentina-comparte-ala-de-colibri-un-nuevo-video-del-estreno-de-las-canciones-de-silvio-rodriguez-en-arreglo-coral-por-el-coro-nacional-de-cuba","status":"publish","type":"post","link":"http:\/\/staging.ibermusicas.org\/index.php\/el-maestro-eduardo-ferraudi-de-argentina-comparte-ala-de-colibri-un-nuevo-video-del-estreno-de-las-canciones-de-silvio-rodriguez-en-arreglo-coral-por-el-coro-nacional-de-cuba\/","title":{"rendered":"El maestro Eduardo Ferraudi de Argentina, comparte \u201cAla de Colibr\u00ed\u201d, un nuevo video del estreno de las canciones de Silvio Rodr\u00edguez en arreglo coral por el Coro Nacional de Cuba"},"content":{"rendered":"<p>En mayo de 2022 el arreglador, compositor, cantante y director de coro argentino Eduardo Ferraudi viaj\u00f3 desde Buenos Aires, Argentina hasta La Habana, Cuba para presentar su trabajo como director invitado del Coro Nacional de Cuba (CNC), que dirige la maestra Digna Guerra. La presentaci\u00f3n se realiz\u00f3 en la Iglesia San Francisco de Paula de La Habana Vieja con un programa compuesto por 13 canciones del trovador Silvio Rodr\u00edguez, con arreglos corales creados por el propio Maestro Ferraudi y con la participaci\u00f3n de la cantante Ivette Cepeda, como solista invitada. El compositor homenajeado estuvo presente en el concierto como parte del p\u00fablico.<\/p>\n<p>&nbsp;<\/p>\n<p>La idea de crear un ciclo de canciones sobre las obras de Silvio Rodr\u00edguez especialmente para el Coro Nacional de Cuba naci\u00f3 de un encuentro entre Eduardo Ferraudi y la maestra Digna Guerra en la Ciudad de Buenos Aires. Ferraudi fue invitado a dirigir un concierto de agasajo a Digna Guerra en ocasi\u00f3n de un gran encuentro coral propiciado por el Programa de Orquestas y Coros Infantiles y Juveniles para el Bicentenario llevado a cabo en Argentina. Ella encontr\u00f3 en el trabajo de Eduardo Ferraudi una manera notable y particular de abordar los arreglos corales y la interpretaci\u00f3n de obras de origen popular y tuvo la idea de proponerle a Ferraudi la creaci\u00f3n de nuevos arreglos corales sobre canciones de Silvio Rodr\u00edguez.<\/p>\n<p>&nbsp;<\/p>\n<p>Tras el intenso trabajo de creaci\u00f3n de los arreglos, Eduardo Ferraudi viaj\u00f3 a Cuba para ensayar con el Coro Nacional y realizar el estreno de las obras. En todas las instancias de este proyecto siempre estuvo presente Silvio Rodr\u00edguez quien en todo momento fue consultado y quien tambi\u00e9n se sinti\u00f3 altamente honrado por esta iniciativa de realizar un abordaje diferente sobre su obra.<\/p>\n<p>&nbsp;<\/p>\n<p>Este trabajo fue realizado con el apoyo de: Ministerio de Cultura de Cuba, Programa Iberm\u00fasicas, Instituto Cubano de la M\u00fasica, Centro Nacional de M\u00fasica de Concierto, Oficina del Historiador y el propio Silvio Rodr\u00edguez quien facilit\u00f3 el equipamiento necesario para la filmaci\u00f3n.<\/p>\n<p>&nbsp;<\/p>\n<ul>\n<li>Ver en: <a href=\"https:\/\/youtu.be\/b7rloPpoTTI\">https:\/\/youtu.be\/b7rloPpoTTI<\/a><\/li>\n<li><a href=\"http:\/\/www.youtube.com\/@eduardoferraudi\">youtube.com\/@eduardoferraudi<\/a><\/li>\n<\/ul>\n","protected":false},"excerpt":{"rendered":"<p>En mayo de 2022 el arreglador, compositor, cantante y director de coro argentino Eduardo Ferraudi viaj\u00f3 desde Buenos Aires, Argentina hasta La Habana, Cuba para presentar su trabajo como director invitado del Coro Nacional de Cuba (CNC), que dirige la maestra Digna Guerra. La presentaci\u00f3n se realiz\u00f3 en la Iglesia San Francisco de Paula de [&hellip;]<\/p>\n","protected":false},"author":7,"featured_media":20683,"comment_status":"closed","ping_status":"closed","sticky":false,"template":"","format":"standard","meta":{"footnotes":""},"categories":[53],"tags":[],"class_list":["post-22049","post","type-post","status-publish","format-standard","has-post-thumbnail","hentry","category-noticias-generales"],"lang":"es","translations":{"es":22049,"pt":22051},"pll_sync_post":[],"post_mailing_queue_ids":[],"_links":{"self":[{"href":"http:\/\/staging.ibermusicas.org\/index.php\/wp-json\/wp\/v2\/posts\/22049","targetHints":{"allow":["GET"]}}],"collection":[{"href":"http:\/\/staging.ibermusicas.org\/index.php\/wp-json\/wp\/v2\/posts"}],"about":[{"href":"http:\/\/staging.ibermusicas.org\/index.php\/wp-json\/wp\/v2\/types\/post"}],"author":[{"embeddable":true,"href":"http:\/\/staging.ibermusicas.org\/index.php\/wp-json\/wp\/v2\/users\/7"}],"replies":[{"embeddable":true,"href":"http:\/\/staging.ibermusicas.org\/index.php\/wp-json\/wp\/v2\/comments?post=22049"}],"version-history":[{"count":1,"href":"http:\/\/staging.ibermusicas.org\/index.php\/wp-json\/wp\/v2\/posts\/22049\/revisions"}],"predecessor-version":[{"id":22050,"href":"http:\/\/staging.ibermusicas.org\/index.php\/wp-json\/wp\/v2\/posts\/22049\/revisions\/22050"}],"wp:featuredmedia":[{"embeddable":true,"href":"http:\/\/staging.ibermusicas.org\/index.php\/wp-json\/wp\/v2\/media\/20683"}],"wp:attachment":[{"href":"http:\/\/staging.ibermusicas.org\/index.php\/wp-json\/wp\/v2\/media?parent=22049"}],"wp:term":[{"taxonomy":"category","embeddable":true,"href":"http:\/\/staging.ibermusicas.org\/index.php\/wp-json\/wp\/v2\/categories?post=22049"},{"taxonomy":"post_tag","embeddable":true,"href":"http:\/\/staging.ibermusicas.org\/index.php\/wp-json\/wp\/v2\/tags?post=22049"}],"curies":[{"name":"wp","href":"https:\/\/api.w.org\/{rel}","templated":true}]}}