{"id":22053,"date":"2025-04-14T16:58:39","date_gmt":"2025-04-14T16:58:39","guid":{"rendered":"http:\/\/staging.ibermusicas.org\/?p=22053"},"modified":"2025-04-28T17:57:25","modified_gmt":"2025-04-28T17:57:25","slug":"el-compositor-brasileno-andersen-viana-coletivo-pitagoras-carmilla-presenta-el-comienzo-de-su-opera-gotica-carmilla","status":"publish","type":"post","link":"http:\/\/staging.ibermusicas.org\/index.php\/el-compositor-brasileno-andersen-viana-coletivo-pitagoras-carmilla-presenta-el-comienzo-de-su-opera-gotica-carmilla\/","title":{"rendered":"El compositor brasile\u00f1o Andersen Viana (\u00abColetivo Pit\u00e1goras\/Carmilla\u00bb) presenta el comienzo de su \u00f3pera g\u00f3tica \u00abCarmilla\u00bb"},"content":{"rendered":"<p>El compositor brasile\u00f1o Andersen Viana (\u00abColetivo Pit\u00e1goras\/Carmilla\u00bb) presenta el comienzo de su \u00f3pera g\u00f3tica \u00abCarmilla\u00bb (Escena: \u00a1Feliz cumplea\u00f1os, Mircalla!), con m\u00fasica hecha a partir del desarrollo de tres acordes dados por la Inteligencia Artificial. M\u00fasica, textos y concepci\u00f3n art\u00edstica de Andersen Viana, cantada por voces mixtas (solista y coro), acompa\u00f1adas de cuerdas, \u00f3rgano y percusi\u00f3n. Participaci\u00f3n del director \u00c1ngel Diego Merlo, estudio Adiomidilab, Buenos Aires, Argentina.<\/p>\n<p>&nbsp;<\/p>\n<p>Carmilla es un personaje extra\u00eddo de la primera novela de ficci\u00f3n g\u00f3tica de la historia, del escritor irland\u00e9s Joseph Sheridan Le Fanu (1814-1873). Presenta a la primera Vampiresa de la literatura -una vampiresa lesbiana- y fue la influencia directa para el \u00abDr\u00e1cula\u00bb de Bran Stocker y todas las obras similares posteriores, ya sea en literatura, teatro, cine o v\u00eddeos musicales. El personaje Carmilla de la novela de Le Fanu es en realidad la difunta condesa Mircalla Karnstein de Austria, que celebra su 160 cumplea\u00f1os en una reuni\u00f3n de vampiros de todo el mundo.<\/p>\n<p>&nbsp;<\/p>\n<p>Este proyecto fue realizado con el apoyo del Programa Iberm\u00fasicas mediante sus \u201cAyuda a proyectos virtuales\u201d, convocatoria 2024.<\/p>\n<p>&nbsp;<\/p>\n<ul>\n<li>Ouvir em: <a href=\"https:\/\/soundcloud.com\/vianabr2005\/982ef5d2-5a2e-4c62-998e-9ca248f6349a\">https:\/\/soundcloud.com\/vianabr2005\/982ef5d2-5a2e-4c62-998e-9ca248f6349a<\/a><\/li>\n<\/ul>\n","protected":false},"excerpt":{"rendered":"<p>El compositor brasile\u00f1o Andersen Viana (\u00abColetivo Pit\u00e1goras\/Carmilla\u00bb) presenta el comienzo de su \u00f3pera g\u00f3tica \u00abCarmilla\u00bb (Escena: \u00a1Feliz cumplea\u00f1os, Mircalla!), con m\u00fasica hecha a partir del desarrollo de tres acordes dados por la Inteligencia Artificial. M\u00fasica, textos y concepci\u00f3n art\u00edstica de Andersen Viana, cantada por voces mixtas (solista y coro), acompa\u00f1adas de cuerdas, \u00f3rgano y percusi\u00f3n. [&hellip;]<\/p>\n","protected":false},"author":7,"featured_media":22054,"comment_status":"closed","ping_status":"closed","sticky":false,"template":"","format":"standard","meta":{"footnotes":""},"categories":[53],"tags":[],"class_list":["post-22053","post","type-post","status-publish","format-standard","has-post-thumbnail","hentry","category-noticias-generales"],"lang":"es","translations":{"es":22053,"pt":22056},"pll_sync_post":[],"post_mailing_queue_ids":[],"_links":{"self":[{"href":"http:\/\/staging.ibermusicas.org\/index.php\/wp-json\/wp\/v2\/posts\/22053","targetHints":{"allow":["GET"]}}],"collection":[{"href":"http:\/\/staging.ibermusicas.org\/index.php\/wp-json\/wp\/v2\/posts"}],"about":[{"href":"http:\/\/staging.ibermusicas.org\/index.php\/wp-json\/wp\/v2\/types\/post"}],"author":[{"embeddable":true,"href":"http:\/\/staging.ibermusicas.org\/index.php\/wp-json\/wp\/v2\/users\/7"}],"replies":[{"embeddable":true,"href":"http:\/\/staging.ibermusicas.org\/index.php\/wp-json\/wp\/v2\/comments?post=22053"}],"version-history":[{"count":1,"href":"http:\/\/staging.ibermusicas.org\/index.php\/wp-json\/wp\/v2\/posts\/22053\/revisions"}],"predecessor-version":[{"id":22055,"href":"http:\/\/staging.ibermusicas.org\/index.php\/wp-json\/wp\/v2\/posts\/22053\/revisions\/22055"}],"wp:featuredmedia":[{"embeddable":true,"href":"http:\/\/staging.ibermusicas.org\/index.php\/wp-json\/wp\/v2\/media\/22054"}],"wp:attachment":[{"href":"http:\/\/staging.ibermusicas.org\/index.php\/wp-json\/wp\/v2\/media?parent=22053"}],"wp:term":[{"taxonomy":"category","embeddable":true,"href":"http:\/\/staging.ibermusicas.org\/index.php\/wp-json\/wp\/v2\/categories?post=22053"},{"taxonomy":"post_tag","embeddable":true,"href":"http:\/\/staging.ibermusicas.org\/index.php\/wp-json\/wp\/v2\/tags?post=22053"}],"curies":[{"name":"wp","href":"https:\/\/api.w.org\/{rel}","templated":true}]}}