{"id":22056,"date":"2025-04-14T17:00:40","date_gmt":"2025-04-14T17:00:40","guid":{"rendered":"http:\/\/staging.ibermusicas.org\/?p=22056"},"modified":"2025-04-28T18:24:51","modified_gmt":"2025-04-28T18:24:51","slug":"o-compositor-brasileiro-andersen-viana-coletivo-pitagoras-carmilla-apresenta-o-inicio-de-sua-opera-gotica-carmilla","status":"publish","type":"post","link":"http:\/\/staging.ibermusicas.org\/index.php\/o-compositor-brasileiro-andersen-viana-coletivo-pitagoras-carmilla-apresenta-o-inicio-de-sua-opera-gotica-carmilla\/","title":{"rendered":"O compositor brasileiro Andersen Viana (\u201cColetivo Pit\u00e1goras\/Carmilla\u201d) apresenta o in\u00edcio de sua \u00f3pera g\u00f3tica \u201cCarmilla\u201d"},"content":{"rendered":"<p>O compositor brasileiro Andersen Viana (representando o \u201cColetivo Pit\u00e1goras\/Carmilla\u201d) apresenta o in\u00edcio da \u00d3pera G\u00f3tica \u201cCarmilla\u201d (Cena: Feliz Anivers\u00e1rio, Mircalla!), com m\u00fasica feita a partir do desenvolvimento de tr\u00eas acordes dados pela Intelig\u00eancia Artificial. M\u00fasica, textos e concep\u00e7\u00e3o art\u00edstica de Andersen Viana, cantada por vozes mistas (solo e coro), com acompanhamento de cordas, \u00f3rg\u00e3o e percuss\u00e3o. Participa\u00e7\u00e3o do maestro \u00c1ngel Diego Merlo, est\u00fadio Adiomidilab, Buenos Aires, Argentina.<\/p>\n<p>&nbsp;<\/p>\n<p>Carmilla \u00e9 uma personagem extra\u00edda da primeira novela de fic\u00e7\u00e3o g\u00f3tica da hist\u00f3ria feita pelo escritor irland\u00eas Joseph Sheridan Le Fanu (1814-1873). Apresenta a primeira Vampira da literatura &#8211; uma vampira l\u00e9sbica \u2013 tendo sido a influ\u00eancia direta para \u201cDr\u00e1cula\u201d de Bran Stocker e todas as obras cong\u00eaneres subsequentes, quer seja na literatura, no teatro, no cinema ou em v\u00eddeos musicais. A personagem Carmilla na novela de Le Fanu, \u00e9 na verdade, a Condessa morta Mircalla Karnstein da \u00c1ustria que comemora seus 160 anos em uma reuni\u00e3o de vampiros vindos de todos os lugares do mundo.<\/p>\n<p>&nbsp;<\/p>\n<p>Esse projeto foi realizado com o apoio do Programa Iberm\u00fasicas por meio de sua chamada \u201cAjuda a projetos virtuais\u201d do ano 2024.<\/p>\n<p>&nbsp;<\/p>\n<ul>\n<li>Ouvir em: <a href=\"https:\/\/soundcloud.com\/vianabr2005\/982ef5d2-5a2e-4c62-998e-9ca248f6349a\">https:\/\/soundcloud.com\/vianabr2005\/982ef5d2-5a2e-4c62-998e-9ca248f6349a<\/a><\/li>\n<\/ul>\n","protected":false},"excerpt":{"rendered":"<p>O compositor brasileiro Andersen Viana (representando o \u201cColetivo Pit\u00e1goras\/Carmilla\u201d) apresenta o in\u00edcio da \u00d3pera G\u00f3tica \u201cCarmilla\u201d (Cena: Feliz Anivers\u00e1rio, Mircalla!), com m\u00fasica feita a partir do desenvolvimento de tr\u00eas acordes dados pela Intelig\u00eancia Artificial. M\u00fasica, textos e concep\u00e7\u00e3o art\u00edstica de Andersen Viana, cantada por vozes mistas (solo e coro), com acompanhamento de cordas, \u00f3rg\u00e3o e [&hellip;]<\/p>\n","protected":false},"author":7,"featured_media":22054,"comment_status":"closed","ping_status":"closed","sticky":false,"template":"","format":"standard","meta":{"footnotes":""},"categories":[218],"tags":[],"class_list":["post-22056","post","type-post","status-publish","format-standard","has-post-thumbnail","hentry","category-noticias-generales-pt"],"lang":"pt","translations":{"pt":22056,"es":22053},"pll_sync_post":[],"post_mailing_queue_ids":[],"_links":{"self":[{"href":"http:\/\/staging.ibermusicas.org\/index.php\/wp-json\/wp\/v2\/posts\/22056","targetHints":{"allow":["GET"]}}],"collection":[{"href":"http:\/\/staging.ibermusicas.org\/index.php\/wp-json\/wp\/v2\/posts"}],"about":[{"href":"http:\/\/staging.ibermusicas.org\/index.php\/wp-json\/wp\/v2\/types\/post"}],"author":[{"embeddable":true,"href":"http:\/\/staging.ibermusicas.org\/index.php\/wp-json\/wp\/v2\/users\/7"}],"replies":[{"embeddable":true,"href":"http:\/\/staging.ibermusicas.org\/index.php\/wp-json\/wp\/v2\/comments?post=22056"}],"version-history":[{"count":1,"href":"http:\/\/staging.ibermusicas.org\/index.php\/wp-json\/wp\/v2\/posts\/22056\/revisions"}],"predecessor-version":[{"id":22057,"href":"http:\/\/staging.ibermusicas.org\/index.php\/wp-json\/wp\/v2\/posts\/22056\/revisions\/22057"}],"wp:featuredmedia":[{"embeddable":true,"href":"http:\/\/staging.ibermusicas.org\/index.php\/wp-json\/wp\/v2\/media\/22054"}],"wp:attachment":[{"href":"http:\/\/staging.ibermusicas.org\/index.php\/wp-json\/wp\/v2\/media?parent=22056"}],"wp:term":[{"taxonomy":"category","embeddable":true,"href":"http:\/\/staging.ibermusicas.org\/index.php\/wp-json\/wp\/v2\/categories?post=22056"},{"taxonomy":"post_tag","embeddable":true,"href":"http:\/\/staging.ibermusicas.org\/index.php\/wp-json\/wp\/v2\/tags?post=22056"}],"curies":[{"name":"wp","href":"https:\/\/api.w.org\/{rel}","templated":true}]}}