{"id":22058,"date":"2025-04-14T17:05:28","date_gmt":"2025-04-14T17:05:28","guid":{"rendered":"http:\/\/staging.ibermusicas.org\/?p=22058"},"modified":"2025-04-28T17:57:19","modified_gmt":"2025-04-28T17:57:19","slug":"el-guitarrista-costarricense-adrian-montero-moya-presenta-guitarra-mestiza-en-colombia-mexico-y-espana","status":"publish","type":"post","link":"http:\/\/staging.ibermusicas.org\/index.php\/el-guitarrista-costarricense-adrian-montero-moya-presenta-guitarra-mestiza-en-colombia-mexico-y-espana\/","title":{"rendered":"El guitarrista costarricense Adri\u00e1n Montero Moya presenta \u00abGuitarra Mestiza\u00bb en Colombia, M\u00e9xico y Espa\u00f1a"},"content":{"rendered":"<p>\u00abGuitarra Mestiza\u00bb es un vibrante y emotivo viaje musical que celebra la riqueza y la diversidad de la m\u00fasica latinoamericana a trav\u00e9s de la guitarra cl\u00e1sica honrando la esencia mestiza del continente, fusionando lo ind\u00edgena, lo africano y lo europeo en una exquisita mezcla que ha dado forma a la identidad musical de Am\u00e9rica Latina.<\/p>\n<p>&nbsp;<\/p>\n<p>Cada pieza seleccionada para este concierto es un tributo a los compositores que han capturado el alma del continente, desde las danzas folcl\u00f3ricas y los ritmos tradicionales hasta obras contempor\u00e1neas . Con interpretaciones apasionadas y una narrativa que conecta la historia con el presente, este programa no solo es un homenaje a la m\u00fasica, sino tambi\u00e9n una celebraci\u00f3n de la herencia compartida que trasciende fronteras y tiempos.<\/p>\n<p>&nbsp;<\/p>\n<p>Adri\u00e1n Montero Moya es uno de los m\u00fasicos costarricenses m\u00e1s aclamados internacionalmente. Ganador de varios concursos nacionales y a nivel internacional, continuamente se mantiene activo en la grabaci\u00f3n de m\u00fasica contempor\u00e1nea, especialmente obras de compositores costarricenses e iberoamericanos.<\/p>\n<p>&nbsp;<\/p>\n<p>Ha ofrecido recitales en Costa Rica, Panam\u00e1, Cuba, M\u00e9xico, Estados Unidos, Francia y Jap\u00f3n. Su repertorio abarca desde la \u00e9poca barroca hasta nuestros d\u00edas, con especial \u00e9nfasis en la m\u00fasica latinoamericana contempor\u00e1nea.<\/p>\n<p>&nbsp;<\/p>\n<p>Esta gira de Adri\u00e1n Montero Moya se hace posible gracias al apoyo de Iberm\u00fasicas mediante su l\u00ednea de \u201cAyuda a la circulaci\u00f3n de profesionales de la m\u00fasica\u201d, convocatoria 2024.<\/p>\n<p>&nbsp;<\/p>\n<ul>\n<li>16 de abril: FESPO, Popay\u00e1n, Colombia<\/li>\n<li>22 de abril: Recital Internacional de Guitarra Cl\u00e1sica en Gimnasio Los Pinos, Bogot\u00e1, Colombia<\/li>\n<li>23 de abril: 19h: Auditorio Fabio Lozano, Bogot\u00e1, Colombia<\/li>\n<li>8 de mayo: Teatro Nacional, San Jos\u00e9, Costa Rica<\/li>\n<li>3 al 7 de junio: Festival Guitarromania, Colima, M\u00e9xico<\/li>\n<li>14 de junio: Guitarras de Luthier, Barcelona, Espa\u00f1a<\/li>\n<\/ul>\n","protected":false},"excerpt":{"rendered":"<p>\u00abGuitarra Mestiza\u00bb es un vibrante y emotivo viaje musical que celebra la riqueza y la diversidad de la m\u00fasica latinoamericana a trav\u00e9s de la guitarra cl\u00e1sica honrando la esencia mestiza del continente, fusionando lo ind\u00edgena, lo africano y lo europeo en una exquisita mezcla que ha dado forma a la identidad musical de Am\u00e9rica Latina. [&hellip;]<\/p>\n","protected":false},"author":7,"featured_media":22059,"comment_status":"closed","ping_status":"closed","sticky":false,"template":"","format":"standard","meta":{"footnotes":""},"categories":[53],"tags":[],"class_list":["post-22058","post","type-post","status-publish","format-standard","has-post-thumbnail","hentry","category-noticias-generales"],"lang":"es","translations":{"es":22058,"pt":22061},"pll_sync_post":[],"post_mailing_queue_ids":[],"_links":{"self":[{"href":"http:\/\/staging.ibermusicas.org\/index.php\/wp-json\/wp\/v2\/posts\/22058","targetHints":{"allow":["GET"]}}],"collection":[{"href":"http:\/\/staging.ibermusicas.org\/index.php\/wp-json\/wp\/v2\/posts"}],"about":[{"href":"http:\/\/staging.ibermusicas.org\/index.php\/wp-json\/wp\/v2\/types\/post"}],"author":[{"embeddable":true,"href":"http:\/\/staging.ibermusicas.org\/index.php\/wp-json\/wp\/v2\/users\/7"}],"replies":[{"embeddable":true,"href":"http:\/\/staging.ibermusicas.org\/index.php\/wp-json\/wp\/v2\/comments?post=22058"}],"version-history":[{"count":1,"href":"http:\/\/staging.ibermusicas.org\/index.php\/wp-json\/wp\/v2\/posts\/22058\/revisions"}],"predecessor-version":[{"id":22060,"href":"http:\/\/staging.ibermusicas.org\/index.php\/wp-json\/wp\/v2\/posts\/22058\/revisions\/22060"}],"wp:featuredmedia":[{"embeddable":true,"href":"http:\/\/staging.ibermusicas.org\/index.php\/wp-json\/wp\/v2\/media\/22059"}],"wp:attachment":[{"href":"http:\/\/staging.ibermusicas.org\/index.php\/wp-json\/wp\/v2\/media?parent=22058"}],"wp:term":[{"taxonomy":"category","embeddable":true,"href":"http:\/\/staging.ibermusicas.org\/index.php\/wp-json\/wp\/v2\/categories?post=22058"},{"taxonomy":"post_tag","embeddable":true,"href":"http:\/\/staging.ibermusicas.org\/index.php\/wp-json\/wp\/v2\/tags?post=22058"}],"curies":[{"name":"wp","href":"https:\/\/api.w.org\/{rel}","templated":true}]}}