{"id":22061,"date":"2025-04-14T17:06:38","date_gmt":"2025-04-14T17:06:38","guid":{"rendered":"http:\/\/staging.ibermusicas.org\/?p=22061"},"modified":"2025-04-28T18:24:43","modified_gmt":"2025-04-28T18:24:43","slug":"o-violonista-costa-riquenho-adrian-montero-moya-apresenta-guitarra-mestiza-na-colombia-no-mexico-e-na-espanha","status":"publish","type":"post","link":"http:\/\/staging.ibermusicas.org\/index.php\/o-violonista-costa-riquenho-adrian-montero-moya-apresenta-guitarra-mestiza-na-colombia-no-mexico-e-na-espanha\/","title":{"rendered":"O violonista costa-riquenho Adri\u00e1n Montero Moya apresenta \u201cGuitarra Mestiza\u201d na Col\u00f4mbia, no M\u00e9xico e na Espanha"},"content":{"rendered":"<p>\u201cGuitarra Mestiza\u201d \u00e9 uma jornada musical vibrante e emotiva que celebra a riqueza e a diversidade da m\u00fasica latino-americana por meio do viol\u00e3o cl\u00e1ssico, honrando a ess\u00eancia mesti\u00e7a do continente, fundindo o ind\u00edgena, o africano e o europeu em uma mistura requintada que moldou a identidade musical da Am\u00e9rica Latina.<\/p>\n<p>&nbsp;<\/p>\n<p>Cada pe\u00e7a selecionada para este concerto \u00e9 um tributo aos compositores que capturaram a alma do continente, desde dan\u00e7as folcl\u00f3ricas e ritmos tradicionais at\u00e9 obras contempor\u00e2neas. Com apresenta\u00e7\u00f5es apaixonadas e uma narrativa que conecta a hist\u00f3ria com o presente, este programa n\u00e3o \u00e9 apenas um tributo \u00e0 m\u00fasica, mas tamb\u00e9m uma celebra\u00e7\u00e3o de um patrim\u00f4nio compartilhado que transcende fronteiras e tempo.<\/p>\n<p>&nbsp;<\/p>\n<p>Adri\u00e1n Montero Moya \u00e9 um dos m\u00fasicos da Costa Rica mais aclamados internacionalmente. Vencedor de v\u00e1rias competi\u00e7\u00f5es nacionais e internacionais, est\u00e1 sempre ativo na grava\u00e7\u00e3o de m\u00fasica contempor\u00e2nea, especialmente obras de compositores costarriquenhos e latino-americanos.<\/p>\n<p>&nbsp;<\/p>\n<p>Ele j\u00e1 deu recitais na Costa Rica, Panam\u00e1, Cuba, M\u00e9xico, Estados Unidos, Fran\u00e7a e Jap\u00e3o. Seu repert\u00f3rio abrange desde o per\u00edodo barroco at\u00e9 os dias atuais, com \u00eanfase especial na m\u00fasica latino-americana contempor\u00e2nea.<\/p>\n<p>&nbsp;<\/p>\n<p>Esta turn\u00ea de Adri\u00e1n Montero Moya \u00e9 poss\u00edvel gra\u00e7as ao apoio do Iberm\u00fasicas atrav\u00e9s de sua linha de \u201cAjuda para a circula\u00e7\u00e3o de profissionais da m\u00fasica\u201d, convocat\u00f3ria 2024.<\/p>\n<p>&nbsp;<\/p>\n<ul>\n<li>16 de abril: FESPO, Popay\u00e1n, Col\u00f4mbia<\/li>\n<li>22 de abril: Recital Internacional de Viol\u00e3o Cl\u00e1ssico no Gimnasio Los Pinos, Bogot\u00e1, Col\u00f4mbia.<\/li>\n<li>23 de abril: 19h: Audit\u00f3rio Fabio Lozano, Bogot\u00e1, Col\u00f4mbia<\/li>\n<li>8 de maio: Teatro Nacional, San Jos\u00e9, Costa Rica<\/li>\n<li>3 a 7 de junho: Festival Guitarromania, Colima, M\u00e9xico<\/li>\n<li>14 de junho: Guitarras de Luthier, Barcelona, Espanha<\/li>\n<\/ul>\n","protected":false},"excerpt":{"rendered":"<p>\u201cGuitarra Mestiza\u201d \u00e9 uma jornada musical vibrante e emotiva que celebra a riqueza e a diversidade da m\u00fasica latino-americana por meio do viol\u00e3o cl\u00e1ssico, honrando a ess\u00eancia mesti\u00e7a do continente, fundindo o ind\u00edgena, o africano e o europeu em uma mistura requintada que moldou a identidade musical da Am\u00e9rica Latina. &nbsp; Cada pe\u00e7a selecionada para [&hellip;]<\/p>\n","protected":false},"author":7,"featured_media":22059,"comment_status":"closed","ping_status":"closed","sticky":false,"template":"","format":"standard","meta":{"footnotes":""},"categories":[218],"tags":[],"class_list":["post-22061","post","type-post","status-publish","format-standard","has-post-thumbnail","hentry","category-noticias-generales-pt"],"lang":"pt","translations":{"pt":22061,"es":22058},"pll_sync_post":[],"post_mailing_queue_ids":[],"_links":{"self":[{"href":"http:\/\/staging.ibermusicas.org\/index.php\/wp-json\/wp\/v2\/posts\/22061","targetHints":{"allow":["GET"]}}],"collection":[{"href":"http:\/\/staging.ibermusicas.org\/index.php\/wp-json\/wp\/v2\/posts"}],"about":[{"href":"http:\/\/staging.ibermusicas.org\/index.php\/wp-json\/wp\/v2\/types\/post"}],"author":[{"embeddable":true,"href":"http:\/\/staging.ibermusicas.org\/index.php\/wp-json\/wp\/v2\/users\/7"}],"replies":[{"embeddable":true,"href":"http:\/\/staging.ibermusicas.org\/index.php\/wp-json\/wp\/v2\/comments?post=22061"}],"version-history":[{"count":1,"href":"http:\/\/staging.ibermusicas.org\/index.php\/wp-json\/wp\/v2\/posts\/22061\/revisions"}],"predecessor-version":[{"id":22062,"href":"http:\/\/staging.ibermusicas.org\/index.php\/wp-json\/wp\/v2\/posts\/22061\/revisions\/22062"}],"wp:featuredmedia":[{"embeddable":true,"href":"http:\/\/staging.ibermusicas.org\/index.php\/wp-json\/wp\/v2\/media\/22059"}],"wp:attachment":[{"href":"http:\/\/staging.ibermusicas.org\/index.php\/wp-json\/wp\/v2\/media?parent=22061"}],"wp:term":[{"taxonomy":"category","embeddable":true,"href":"http:\/\/staging.ibermusicas.org\/index.php\/wp-json\/wp\/v2\/categories?post=22061"},{"taxonomy":"post_tag","embeddable":true,"href":"http:\/\/staging.ibermusicas.org\/index.php\/wp-json\/wp\/v2\/tags?post=22061"}],"curies":[{"name":"wp","href":"https:\/\/api.w.org\/{rel}","templated":true}]}}