{"id":22071,"date":"2025-04-14T17:16:10","date_gmt":"2025-04-14T17:16:10","guid":{"rendered":"http:\/\/staging.ibermusicas.org\/?p=22071"},"modified":"2025-04-28T18:24:26","modified_gmt":"2025-04-28T18:24:26","slug":"o-pandora-grupo-brasilreiro-de-violao-percussivo-promovera-uma-residencia-artistica-com-a-compositora-japonesa-nanao-yamada","status":"publish","type":"post","link":"http:\/\/staging.ibermusicas.org\/index.php\/o-pandora-grupo-brasilreiro-de-violao-percussivo-promovera-uma-residencia-artistica-com-a-compositora-japonesa-nanao-yamada\/","title":{"rendered":"O Pandora, grupo brasilreiro de viol\u00e3o percussivo promover\u00e1 uma resid\u00eancia art\u00edstica com a compositora japonesa Nanao Yamada"},"content":{"rendered":"<p>Coincidindo com a inaugura\u00e7\u00e3o do PandoraLab, um est\u00fadio-laborat\u00f3rio para ensaios e cria\u00e7\u00f5es coletivas, o Pandora, grupo brasileiro de viol\u00e3o percussivo vinculado ao CNPq e \u00e0 Escola de M\u00fasica da UEMG, promover\u00e1 uma resid\u00eancia art\u00edstica com a compositora japonesa Nanao Yamada. Coordenado pelo Prof. Stanley Fernandes, o grupo busca expandir o repert\u00f3rio percussivo para viol\u00e3o, desenvolver pedagogia contempor\u00e2nea e criar prot\u00f3tipos do instrumento, em parceria com luthiers mineiros.<\/p>\n<p>&nbsp;<\/p>\n<p>Nanao Yamada compor\u00e1 uma obra-instala\u00e7\u00e3o in\u00e9dita, explorando os viol\u00f5es percussivos do grupo e dialogando com a cultura brasileira e japonesa<\/p>\n<p>&nbsp;<\/p>\n<p>Nanao Yamada \u00e9 compositora japonesa nascida em 1997. Ela estudou em composi\u00e7\u00e3o na Faculdade de M\u00fasica de Kunitachi, onde recebeu seu grau de bacharel, mestrado e seu t\u00edtulo de doutorado em m\u00fasica espectral. Participou em v\u00e1rios cursos de composi\u00e7\u00e3o, incluindo um curso de ver\u00e3o em Darmstadt\u00a0 em 2023. J\u00e1 cursou aulas com os compositores (Kawashima Motoharu, Toshio Hosokawa, Allain Gaussin, Dai Fujikura, Olga Neuwirth, Clara Iannotta, etc). Nos \u00faltimos anos, seus trabalhos tem sido apresentados no Jap\u00e3o e ao redor do mundo. Em 2023, iniciou um projeto de co-composi\u00e7\u00e3o com o objetivo \u00e9 descobrir novas m\u00fasicas que n\u00e3o podem ser feitas por conta pr\u00f3pria, atrav\u00e9s da composi\u00e7\u00e3o conjunta com outros compositores.<\/p>\n<p>&nbsp;<\/p>\n<p>O PandoraLab oferecer\u00e1 diversos recursos instrumentais e tecnol\u00f3gicos para experimenta\u00e7\u00e3o sonora, incluindo percuss\u00f5es brasileiras e equipamentos de espacializa\u00e7\u00e3o. A resid\u00eancia contar\u00e1 com visitas ao Circuito Cultural Liberdade e ao Inhotim, al\u00e9m de encontros com compositores locais.<\/p>\n<p>&nbsp;<\/p>\n<p>A obra resultante ser\u00e1 apresentada em um concerto &#8211; performance, integrando outros trabalhos do grupo e colaborando para o interc\u00e2mbio cultural Brasil-Jap\u00e3o. O evento ser\u00e1 documentado e amplamente divulgado.<\/p>\n<p>&nbsp;<\/p>\n<p>O presente projeto foi vencedor da chamada 2024 do Programa Iberm\u00fasicas na linha de \u201cApoio a institui\u00e7\u00f5es para resid\u00eancias\u201d.<\/p>\n<p>&nbsp;<\/p>\n<ul>\n<li>24 de abril a 16 de maio, Sala do PandoraLab PPG Artes (Rua Para\u00edba, 232 \u2013 Belo Horizonte) e Audit\u00f3rio do Museu Mineiro, Belo Horizonte, Minas Gerais, Brasil<\/li>\n<\/ul>\n","protected":false},"excerpt":{"rendered":"<p>Coincidindo com a inaugura\u00e7\u00e3o do PandoraLab, um est\u00fadio-laborat\u00f3rio para ensaios e cria\u00e7\u00f5es coletivas, o Pandora, grupo brasileiro de viol\u00e3o percussivo vinculado ao CNPq e \u00e0 Escola de M\u00fasica da UEMG, promover\u00e1 uma resid\u00eancia art\u00edstica com a compositora japonesa Nanao Yamada. Coordenado pelo Prof. Stanley Fernandes, o grupo busca expandir o repert\u00f3rio percussivo para viol\u00e3o, desenvolver [&hellip;]<\/p>\n","protected":false},"author":7,"featured_media":22069,"comment_status":"closed","ping_status":"closed","sticky":false,"template":"","format":"standard","meta":{"footnotes":""},"categories":[218],"tags":[],"class_list":["post-22071","post","type-post","status-publish","format-standard","has-post-thumbnail","hentry","category-noticias-generales-pt"],"lang":"pt","translations":{"pt":22071,"es":22068},"pll_sync_post":[],"post_mailing_queue_ids":[],"_links":{"self":[{"href":"http:\/\/staging.ibermusicas.org\/index.php\/wp-json\/wp\/v2\/posts\/22071","targetHints":{"allow":["GET"]}}],"collection":[{"href":"http:\/\/staging.ibermusicas.org\/index.php\/wp-json\/wp\/v2\/posts"}],"about":[{"href":"http:\/\/staging.ibermusicas.org\/index.php\/wp-json\/wp\/v2\/types\/post"}],"author":[{"embeddable":true,"href":"http:\/\/staging.ibermusicas.org\/index.php\/wp-json\/wp\/v2\/users\/7"}],"replies":[{"embeddable":true,"href":"http:\/\/staging.ibermusicas.org\/index.php\/wp-json\/wp\/v2\/comments?post=22071"}],"version-history":[{"count":1,"href":"http:\/\/staging.ibermusicas.org\/index.php\/wp-json\/wp\/v2\/posts\/22071\/revisions"}],"predecessor-version":[{"id":22072,"href":"http:\/\/staging.ibermusicas.org\/index.php\/wp-json\/wp\/v2\/posts\/22071\/revisions\/22072"}],"wp:featuredmedia":[{"embeddable":true,"href":"http:\/\/staging.ibermusicas.org\/index.php\/wp-json\/wp\/v2\/media\/22069"}],"wp:attachment":[{"href":"http:\/\/staging.ibermusicas.org\/index.php\/wp-json\/wp\/v2\/media?parent=22071"}],"wp:term":[{"taxonomy":"category","embeddable":true,"href":"http:\/\/staging.ibermusicas.org\/index.php\/wp-json\/wp\/v2\/categories?post=22071"},{"taxonomy":"post_tag","embeddable":true,"href":"http:\/\/staging.ibermusicas.org\/index.php\/wp-json\/wp\/v2\/tags?post=22071"}],"curies":[{"name":"wp","href":"https:\/\/api.w.org\/{rel}","templated":true}]}}