{"id":22073,"date":"2025-04-14T17:17:59","date_gmt":"2025-04-14T17:17:59","guid":{"rendered":"http:\/\/staging.ibermusicas.org\/?p=22073"},"modified":"2025-04-28T17:56:36","modified_gmt":"2025-04-28T17:56:36","slug":"comienza-en-la-pontificia-universidad-catolica-de-chile-el-laboratorio-de-investigacion-creacion-tecnologica-en-clarinete-y-oboe","status":"publish","type":"post","link":"http:\/\/staging.ibermusicas.org\/index.php\/comienza-en-la-pontificia-universidad-catolica-de-chile-el-laboratorio-de-investigacion-creacion-tecnologica-en-clarinete-y-oboe\/","title":{"rendered":"Comienza en la Pontificia Universidad Cat\u00f3lica de Chile, el Laboratorio de Investigaci\u00f3n &#8211; Creaci\u00f3n Tecnol\u00f3gica en Clarinete y Oboe"},"content":{"rendered":"<p>El Laboratorio de Investigaci\u00f3n &#8211; Creaci\u00f3n Tecnol\u00f3gica en Clarinete y Oboe, representa una iniciativa innovadora de la Pontificia Universidad Cat\u00f3lica de Chile Este proyecto \u00fanico re\u00fane a destacados m\u00fasicos, compositores e investigadores internacionales para explorar las intersecciones entre la m\u00fasica contempor\u00e1nea y la tecnolog\u00eda.<\/p>\n<p>&nbsp;<\/p>\n<p>El laboratorio cuenta con la participaci\u00f3n de expertos internacionales como Adri\u00e1n Sand\u00ed, aclamado clarinetista costarricense reconocido por the New York Times; Vicente Moronta, distinguido obo\u00edsta venezolano y director en el teatro Teresa Carre\u00f1o y David Chisholm, reconocido compositor y actual director de la escuela de m\u00fasica de la Universidad de Auckland. El equipo docente local est\u00e1 integrado por figuras destacadas como Rodrigo C\u00e1diz, pionero en m\u00fasica electroac\u00fastica en Chile y Am\u00e9rica Latina; Miguel Far\u00edas, galardonado compositor venezolano-chileno; y Cristian Fern\u00e1ndez, especialista en \u00f3pera contempor\u00e1nea y m\u00fasica vocal.<\/p>\n<p>&nbsp;<\/p>\n<p>Estructurado en tres semanas intensivas, el programa combina la exploraci\u00f3n sonora y tecnol\u00f3gica de ambos instrumentos, experimentaci\u00f3n con sensores e interfaces, y culmina con un per\u00edodo de creaci\u00f3n interdisciplinaria. el laboratorio enfatiza la colaboraci\u00f3n entre compositores, int\u00e9rpretes y estudiantes, culminando en un concierto final y la grabaci\u00f3n de las obras creadas durante el programa.<\/p>\n<p>&nbsp;<\/p>\n<p>Esta iniciativa, respaldada por el Ministerio de las Culturas, las Artes y el Patrimonio de Chile e Iberm\u00fasicas, representa un espacio \u00fanico para la innovaci\u00f3n en la m\u00fasica contempor\u00e1nea y la exploraci\u00f3n de nuevas posibilidades tecnol\u00f3gicas en la interpretaci\u00f3n musical.<\/p>\n<p>&nbsp;<\/p>\n<p>Es un proyecto que ha sido ganador de la convocatoria 2024 del Programa Iberm\u00fasicas en la l\u00ednea de \u201cAyuda a instituciones para residencias\u201d.<\/p>\n<p>&nbsp;<\/p>\n<ul>\n<li>Del 24 de abril al 15 de mayo en la Pontificia Universidad Cat\u00f3lica de Chile<\/li>\n<\/ul>\n","protected":false},"excerpt":{"rendered":"<p>El Laboratorio de Investigaci\u00f3n &#8211; Creaci\u00f3n Tecnol\u00f3gica en Clarinete y Oboe, representa una iniciativa innovadora de la Pontificia Universidad Cat\u00f3lica de Chile Este proyecto \u00fanico re\u00fane a destacados m\u00fasicos, compositores e investigadores internacionales para explorar las intersecciones entre la m\u00fasica contempor\u00e1nea y la tecnolog\u00eda. &nbsp; El laboratorio cuenta con la participaci\u00f3n de expertos internacionales como [&hellip;]<\/p>\n","protected":false},"author":7,"featured_media":22074,"comment_status":"closed","ping_status":"closed","sticky":false,"template":"","format":"standard","meta":{"footnotes":""},"categories":[53],"tags":[],"class_list":["post-22073","post","type-post","status-publish","format-standard","has-post-thumbnail","hentry","category-noticias-generales"],"lang":"es","translations":{"es":22073,"pt":22076},"pll_sync_post":[],"post_mailing_queue_ids":[],"_links":{"self":[{"href":"http:\/\/staging.ibermusicas.org\/index.php\/wp-json\/wp\/v2\/posts\/22073","targetHints":{"allow":["GET"]}}],"collection":[{"href":"http:\/\/staging.ibermusicas.org\/index.php\/wp-json\/wp\/v2\/posts"}],"about":[{"href":"http:\/\/staging.ibermusicas.org\/index.php\/wp-json\/wp\/v2\/types\/post"}],"author":[{"embeddable":true,"href":"http:\/\/staging.ibermusicas.org\/index.php\/wp-json\/wp\/v2\/users\/7"}],"replies":[{"embeddable":true,"href":"http:\/\/staging.ibermusicas.org\/index.php\/wp-json\/wp\/v2\/comments?post=22073"}],"version-history":[{"count":1,"href":"http:\/\/staging.ibermusicas.org\/index.php\/wp-json\/wp\/v2\/posts\/22073\/revisions"}],"predecessor-version":[{"id":22075,"href":"http:\/\/staging.ibermusicas.org\/index.php\/wp-json\/wp\/v2\/posts\/22073\/revisions\/22075"}],"wp:featuredmedia":[{"embeddable":true,"href":"http:\/\/staging.ibermusicas.org\/index.php\/wp-json\/wp\/v2\/media\/22074"}],"wp:attachment":[{"href":"http:\/\/staging.ibermusicas.org\/index.php\/wp-json\/wp\/v2\/media?parent=22073"}],"wp:term":[{"taxonomy":"category","embeddable":true,"href":"http:\/\/staging.ibermusicas.org\/index.php\/wp-json\/wp\/v2\/categories?post=22073"},{"taxonomy":"post_tag","embeddable":true,"href":"http:\/\/staging.ibermusicas.org\/index.php\/wp-json\/wp\/v2\/tags?post=22073"}],"curies":[{"name":"wp","href":"https:\/\/api.w.org\/{rel}","templated":true}]}}