{"id":22076,"date":"2025-04-14T17:19:48","date_gmt":"2025-04-14T17:19:48","guid":{"rendered":"http:\/\/staging.ibermusicas.org\/?p=22076"},"modified":"2025-04-28T18:23:03","modified_gmt":"2025-04-28T18:23:03","slug":"o-laboratorio-de-pesquisa-criacao-tecnologica-em-clarinete-e-oboe-comeca-na-pontificia-universidade-catolica-do-chile","status":"publish","type":"post","link":"http:\/\/staging.ibermusicas.org\/index.php\/o-laboratorio-de-pesquisa-criacao-tecnologica-em-clarinete-e-oboe-comeca-na-pontificia-universidade-catolica-do-chile\/","title":{"rendered":"O Laborat\u00f3rio de Pesquisa &#8211; Cria\u00e7\u00e3o Tecnol\u00f3gica em Clarinete e Obo\u00e9 come\u00e7a na Pontif\u00edcia Universidade Cat\u00f3lica do Chile"},"content":{"rendered":"<p>O Laborat\u00f3rio de Pesquisa &#8211; Cria\u00e7\u00e3o Tecnol\u00f3gica em Clarinete e Obo\u00e9 representa uma iniciativa inovadora da Pontif\u00edcia Universidade Cat\u00f3lica do Chile, um projeto \u00fanico que re\u00fane m\u00fasicos, compositores e pesquisadores de renome internacional para explorar as interse\u00e7\u00f5es entre a m\u00fasica contempor\u00e2nea e a tecnologia.<\/p>\n<p>&nbsp;<\/p>\n<p>O laborat\u00f3rio conta com especialistas internacionais, como Adri\u00e1n Sand\u00ed, aclamado clarinetista costarriquenho reconhecido pelo New York Times; Vicente Moronta, distinto obo\u00edsta venezuelano e regente do Teatro Teresa Carre\u00f1o; e David Chisholm, renomado compositor e atual diretor da Escola de M\u00fasica da Universidade de Auckland. A equipe de professores locais inclui figuras importantes, como Rodrigo C\u00e1diz, pioneiro da m\u00fasica eletroac\u00fastica no Chile e na Am\u00e9rica Latina; Miguel Far\u00edas, premiado compositor venezuelano-chileno; e Cristian Fern\u00e1ndez, especialista em \u00f3pera contempor\u00e2nea e m\u00fasica vocal.<\/p>\n<p>&nbsp;<\/p>\n<p>Estruturado em tr\u00eas semanas intensivas, o programa combina a explora\u00e7\u00e3o sonora e tecnol\u00f3gica de ambos os instrumentos, a experimenta\u00e7\u00e3o com sensores e interfaces e culmina em um per\u00edodo de cria\u00e7\u00e3o interdisciplinar. O laborat\u00f3rio enfatiza a colabora\u00e7\u00e3o entre compositores, int\u00e9rpretes e alunos, culminando em um concerto final e na grava\u00e7\u00e3o das obras criadas durante o programa.<\/p>\n<p>&nbsp;<\/p>\n<p>Essa iniciativa, apoiada pelo Minist\u00e9rio da Cultura, Artes e Patrim\u00f4nio do Chile e pelo Programa Iberm\u00fasicas, representa um espa\u00e7o \u00fanico para a inova\u00e7\u00e3o na m\u00fasica contempor\u00e2nea e a explora\u00e7\u00e3o de novas possibilidades tecnol\u00f3gicas na performance musical.<\/p>\n<p>&nbsp;<\/p>\n<p>\u00c9 um projeto que ganhou a convocat\u00f3ria 2024 do Programa Iberm\u00fasicas na linha de \u201cApoio a institui\u00e7\u00f5es para resid\u00eancias\u201d.<\/p>\n<p>&nbsp;<\/p>\n<ul>\n<li>De 24 de abril a 15 de maio, na Pontificia Universidad Cat\u00f3lica de Chile<\/li>\n<\/ul>\n","protected":false},"excerpt":{"rendered":"<p>O Laborat\u00f3rio de Pesquisa &#8211; Cria\u00e7\u00e3o Tecnol\u00f3gica em Clarinete e Obo\u00e9 representa uma iniciativa inovadora da Pontif\u00edcia Universidade Cat\u00f3lica do Chile, um projeto \u00fanico que re\u00fane m\u00fasicos, compositores e pesquisadores de renome internacional para explorar as interse\u00e7\u00f5es entre a m\u00fasica contempor\u00e2nea e a tecnologia. &nbsp; O laborat\u00f3rio conta com especialistas internacionais, como Adri\u00e1n Sand\u00ed, aclamado [&hellip;]<\/p>\n","protected":false},"author":7,"featured_media":22074,"comment_status":"closed","ping_status":"closed","sticky":false,"template":"","format":"standard","meta":{"footnotes":""},"categories":[218],"tags":[],"class_list":["post-22076","post","type-post","status-publish","format-standard","has-post-thumbnail","hentry","category-noticias-generales-pt"],"lang":"pt","translations":{"pt":22076,"es":22073},"pll_sync_post":[],"post_mailing_queue_ids":[],"_links":{"self":[{"href":"http:\/\/staging.ibermusicas.org\/index.php\/wp-json\/wp\/v2\/posts\/22076","targetHints":{"allow":["GET"]}}],"collection":[{"href":"http:\/\/staging.ibermusicas.org\/index.php\/wp-json\/wp\/v2\/posts"}],"about":[{"href":"http:\/\/staging.ibermusicas.org\/index.php\/wp-json\/wp\/v2\/types\/post"}],"author":[{"embeddable":true,"href":"http:\/\/staging.ibermusicas.org\/index.php\/wp-json\/wp\/v2\/users\/7"}],"replies":[{"embeddable":true,"href":"http:\/\/staging.ibermusicas.org\/index.php\/wp-json\/wp\/v2\/comments?post=22076"}],"version-history":[{"count":1,"href":"http:\/\/staging.ibermusicas.org\/index.php\/wp-json\/wp\/v2\/posts\/22076\/revisions"}],"predecessor-version":[{"id":22077,"href":"http:\/\/staging.ibermusicas.org\/index.php\/wp-json\/wp\/v2\/posts\/22076\/revisions\/22077"}],"wp:featuredmedia":[{"embeddable":true,"href":"http:\/\/staging.ibermusicas.org\/index.php\/wp-json\/wp\/v2\/media\/22074"}],"wp:attachment":[{"href":"http:\/\/staging.ibermusicas.org\/index.php\/wp-json\/wp\/v2\/media?parent=22076"}],"wp:term":[{"taxonomy":"category","embeddable":true,"href":"http:\/\/staging.ibermusicas.org\/index.php\/wp-json\/wp\/v2\/categories?post=22076"},{"taxonomy":"post_tag","embeddable":true,"href":"http:\/\/staging.ibermusicas.org\/index.php\/wp-json\/wp\/v2\/tags?post=22076"}],"curies":[{"name":"wp","href":"https:\/\/api.w.org\/{rel}","templated":true}]}}