{"id":22086,"date":"2025-04-14T17:30:31","date_gmt":"2025-04-14T17:30:31","guid":{"rendered":"http:\/\/staging.ibermusicas.org\/?p=22086"},"modified":"2025-04-28T17:56:23","modified_gmt":"2025-04-28T17:56:23","slug":"cau-karam-viaja-de-brasil-a-portugal-para-estudiar-viola-portuguesa-con-ricardo-fonseca","status":"publish","type":"post","link":"http:\/\/staging.ibermusicas.org\/index.php\/cau-karam-viaja-de-brasil-a-portugal-para-estudiar-viola-portuguesa-con-ricardo-fonseca\/","title":{"rendered":"Cau Karam viaja de Brasil a Portugal para estudiar viola portuguesa con Ricardo Fonseca"},"content":{"rendered":"<p>El m\u00fasico brasile\u00f1o Cau Karam viajar\u00e1 a Lisboa para realizar una temporada de estudios de viola con Ricardo Fonseca, maestro de la viola portuguesa. Consolidando colaboraciones e intercambios musicales entre Brasil y Portugal, tratar\u00e1 de conocer en profundidad el repertorio, las afinaciones y la t\u00e9cnica tradicional de la viola de cuerdas de acero en su contexto de origen, para ampliar, parad\u00f3jicamente, los l\u00edmites sonoros de su m\u00fasica, en un ejercicio de di\u00e1logo entre el cancionero tradicional portugu\u00e9s y la m\u00fasica instrumental contempor\u00e1nea.<\/p>\n<p>&nbsp;<\/p>\n<p>La temporada de estudio concluir\u00e1 con un espect\u00e1culo en el que Cau Karam y Ricardo Fonseca interpretar\u00e1n composiciones propias y otras del repertorio popular de viola, poniendo en di\u00e1logo los diferentes sonidos de las violas brasile\u00f1a y portuguesa.<\/p>\n<p>&nbsp;<\/p>\n<p>Cau Karam es compositor, guitarrista y violeiro con una larga carrera como m\u00fasico en Porto Alegre y S\u00e3o Paulo. Su primer disco, \u201cSambas, Choros, Valses e um Frevo\u201d, con financiaci\u00f3n de Funproarte, gan\u00f3 los Premios A\u00e7orianos 2006 al Mejor CD y al Mejor Compositor de M\u00fasica Instrumental. De 2005 a 2007, estudi\u00f3 en la Universidade Livre de M\u00fasica (ULM), actual Escola de M\u00fasica do Estado de S\u00e3o Paulo (EMESP Tom Jobim), en S\u00e3o Paulo, donde trabaj\u00f3 como m\u00fasico durante 18 a\u00f1os y form\u00f3 parte del n\u00facleo musical del grupo de teatro Cia do Lat\u00e3o. En 2013, public\u00f3 su segundo \u00e1lbum, \u201cDe Senhores, Baronesas, Botos, Urubus, Cabritos e Ovelhas\u201d, en colaboraci\u00f3n con el grupo paulista \u00c0 Deriva. Su trabajo m\u00e1s reciente, una serie de composiciones para viola brasile\u00f1a de diez cuerdas, fue becado por el Centro Cultural UFRGS 2023 y Ecarta 2024.<\/p>\n<p>&nbsp;<\/p>\n<p>Ricardo Fonseca toca la guitarra cl\u00e1sica y el\u00e9ctrica desde los 13 a\u00f1os, y empez\u00f3 a actuar en directo a los 17 a\u00f1os. Se form\u00f3 en el Conservatorio Regional de Palmela en guitarra cl\u00e1sica con el profesor Fernando Lobo y recibi\u00f3 clases particulares y talleres con Felipe Mendes, Nuno Rebelo, Jos\u00e9 Carvalhinho, Jos\u00e9 Eduardo y otros. Durante m\u00e1s de veinte a\u00f1os ha invertido mucho en el estudio y la difusi\u00f3n de la viola portuguesa, grabando, ense\u00f1ando, componiendo, arreglando y produciendo cord\u00f3fonos tradicionales portugueses, y est\u00e1 considerado uno de los mayores maestros e int\u00e9rpretes de viola de toda la Lusofon\u00eda.<\/p>\n<p>&nbsp;<\/p>\n<p>El proyecto de Cau Karam cuenta con el apoyo del Programa Iberm\u00fasicas a trav\u00e9s de su l\u00ednea \u201cApoyo a la especializaci\u00f3n y el perfeccionamiento art\u00edstico y t\u00e9cnico\u201d, convocatoria 2024.<\/p>\n<p>&nbsp;<\/p>\n<ul>\n<li>De abril a junio en Portugal<\/li>\n<\/ul>\n","protected":false},"excerpt":{"rendered":"<p>El m\u00fasico brasile\u00f1o Cau Karam viajar\u00e1 a Lisboa para realizar una temporada de estudios de viola con Ricardo Fonseca, maestro de la viola portuguesa. Consolidando colaboraciones e intercambios musicales entre Brasil y Portugal, tratar\u00e1 de conocer en profundidad el repertorio, las afinaciones y la t\u00e9cnica tradicional de la viola de cuerdas de acero en su [&hellip;]<\/p>\n","protected":false},"author":7,"featured_media":22087,"comment_status":"closed","ping_status":"closed","sticky":false,"template":"","format":"standard","meta":{"footnotes":""},"categories":[53],"tags":[],"class_list":["post-22086","post","type-post","status-publish","format-standard","has-post-thumbnail","hentry","category-noticias-generales"],"lang":"es","translations":{"es":22086,"pt":22089},"pll_sync_post":[],"post_mailing_queue_ids":[],"_links":{"self":[{"href":"http:\/\/staging.ibermusicas.org\/index.php\/wp-json\/wp\/v2\/posts\/22086","targetHints":{"allow":["GET"]}}],"collection":[{"href":"http:\/\/staging.ibermusicas.org\/index.php\/wp-json\/wp\/v2\/posts"}],"about":[{"href":"http:\/\/staging.ibermusicas.org\/index.php\/wp-json\/wp\/v2\/types\/post"}],"author":[{"embeddable":true,"href":"http:\/\/staging.ibermusicas.org\/index.php\/wp-json\/wp\/v2\/users\/7"}],"replies":[{"embeddable":true,"href":"http:\/\/staging.ibermusicas.org\/index.php\/wp-json\/wp\/v2\/comments?post=22086"}],"version-history":[{"count":1,"href":"http:\/\/staging.ibermusicas.org\/index.php\/wp-json\/wp\/v2\/posts\/22086\/revisions"}],"predecessor-version":[{"id":22088,"href":"http:\/\/staging.ibermusicas.org\/index.php\/wp-json\/wp\/v2\/posts\/22086\/revisions\/22088"}],"wp:featuredmedia":[{"embeddable":true,"href":"http:\/\/staging.ibermusicas.org\/index.php\/wp-json\/wp\/v2\/media\/22087"}],"wp:attachment":[{"href":"http:\/\/staging.ibermusicas.org\/index.php\/wp-json\/wp\/v2\/media?parent=22086"}],"wp:term":[{"taxonomy":"category","embeddable":true,"href":"http:\/\/staging.ibermusicas.org\/index.php\/wp-json\/wp\/v2\/categories?post=22086"},{"taxonomy":"post_tag","embeddable":true,"href":"http:\/\/staging.ibermusicas.org\/index.php\/wp-json\/wp\/v2\/tags?post=22086"}],"curies":[{"name":"wp","href":"https:\/\/api.w.org\/{rel}","templated":true}]}}