{"id":22089,"date":"2025-04-14T17:31:32","date_gmt":"2025-04-14T17:31:32","guid":{"rendered":"http:\/\/staging.ibermusicas.org\/?p=22089"},"modified":"2025-04-28T18:22:47","modified_gmt":"2025-04-28T18:22:47","slug":"cau-karam-viaja-do-brasil-a-portugal-para-estudo-da-viola-portuguesa-com-ricardo-fonseca","status":"publish","type":"post","link":"http:\/\/staging.ibermusicas.org\/index.php\/cau-karam-viaja-do-brasil-a-portugal-para-estudo-da-viola-portuguesa-com-ricardo-fonseca\/","title":{"rendered":"Cau Karam viaja do Brasil a Portugal para estudo da viola portuguesa com Ricardo Fonseca"},"content":{"rendered":"<p>O m\u00fasico brasileiro Cau Karam participar\u00e1, em Lisboa, de uma temporada de estudos de viola com Ricardo Fonseca, mestre da viola lus\u00f3fona. Consolidando parcerias e trocas musicais entre Brasil e Portugal, buscar\u00e1 conhecer a fundo o repert\u00f3rio, as afina\u00e7\u00f5es e a t\u00e9cnica tradicional da viola de arame no seu contexto de origem para, paradoxalmente, expandir os limites sonoros da sua m\u00fasica, em um exerc\u00edcio de dialogia entre o cancioneiro tradicional portugu\u00eas e a m\u00fasica instrumental contempor\u00e2nea.<\/p>\n<p>&nbsp;<\/p>\n<p>A temporada de estudo ir\u00e1 se concluir com um espet\u00e1culo em que Cau Karam e Ricardo Fonseca apresentar\u00e3o composi\u00e7\u00f5es pr\u00f3prias e outras do repert\u00f3rio popular da viola, colocando em di\u00e1logo as diferentes sonoridades das violas brasileira e portuguesa.<\/p>\n<p>&nbsp;<\/p>\n<p>Cau Karam \u00e9 compositor, violonista e violeiro, com longa trajet\u00f3ria como m\u00fasico em Porto Alegre e S\u00e3o Paulo. Seu primeiro \u00e1lbum, \u201cSambas, Choros, Valsas e um Frevo\u201d, com financiamento do Funproarte, ganhou os Pr\u00eamios A\u00e7orianos 2006 de Melhor CD e de Melhor Compositor de M\u00fasica Instrumental. De 2005 a 2007, estudou na Universidade Livre de M\u00fasica (ULM), hoje Escola de M\u00fasica do Estado de S\u00e3o Paulo (EMESP Tom Jobim), na capital paulista, onde atuou como m\u00fasico por 18 anos, fazendo parte do n\u00facleo musical do grupo de teatro Cia do Lat\u00e3o. Em 2013, lan\u00e7ou o segundo \u00e1lbum, \u201cDe Senhores, Baronesas, Botos, Urubus, Cabritos e Ovelhas\u201d, em parceria com o grupo paulistano \u00c0 Deriva. Seu mais recente trabalho autoral, uma s\u00e9rie de composi\u00e7\u00f5es para viola brasileira de dez cordas, foi contemplado pelo edital Centro Cultural UFRGS 2023 e pelo edital Ecarta 2024.<\/p>\n<p>&nbsp;<\/p>\n<p>Ricardo Fonseca toca guitarra cl\u00e1ssica e el\u00e9ctrica desde os 13 anos de idade tendo come\u00e7ado a dar espect\u00e1culos ao vivo com 17 anos. Teve forma\u00e7\u00e3o no Conservat\u00f3rio Regional de Palmela em viola cl\u00e1ssica com o professor Fernando Lobo e aulas particulares e workshops com Felipe Mendes, Nuno Rebelo, Jos\u00e9 Carvalhinho,\u00a0 Jos\u00e9 Eduardo e outros. Tem investido fortemente, h\u00e1 mais de vinte anos, no estudo e na difus\u00e3o da viola portuguesa, realizando v\u00e1rios trabalhos de grava\u00e7\u00e3o, ensino, composi\u00e7\u00e3o, arranjos e produ\u00e7\u00e3o de cordofones tradicionais portugueses, sendo considerado um dos maiores mestres e tocadores de viola de toda lusofonia.<\/p>\n<p>&nbsp;<\/p>\n<p>O projeto de Cau Karam conta com o suporte do Programa Iberm\u00fasicas atrav\u00e9s da sua linha de \u201cApoio \u00e0 especializa\u00e7\u00e3o e aperfei\u00e7oamento art\u00edstico e t\u00e9cnico\u201d, chamada 2024.<\/p>\n<p>&nbsp;<\/p>\n<ul>\n<li>De abril a junho em Portugal<\/li>\n<\/ul>\n","protected":false},"excerpt":{"rendered":"<p>O m\u00fasico brasileiro Cau Karam participar\u00e1, em Lisboa, de uma temporada de estudos de viola com Ricardo Fonseca, mestre da viola lus\u00f3fona. Consolidando parcerias e trocas musicais entre Brasil e Portugal, buscar\u00e1 conhecer a fundo o repert\u00f3rio, as afina\u00e7\u00f5es e a t\u00e9cnica tradicional da viola de arame no seu contexto de origem para, paradoxalmente, expandir [&hellip;]<\/p>\n","protected":false},"author":7,"featured_media":22087,"comment_status":"closed","ping_status":"closed","sticky":false,"template":"","format":"standard","meta":{"footnotes":""},"categories":[218],"tags":[],"class_list":["post-22089","post","type-post","status-publish","format-standard","has-post-thumbnail","hentry","category-noticias-generales-pt"],"lang":"pt","translations":{"pt":22089,"es":22086},"pll_sync_post":[],"post_mailing_queue_ids":[],"_links":{"self":[{"href":"http:\/\/staging.ibermusicas.org\/index.php\/wp-json\/wp\/v2\/posts\/22089","targetHints":{"allow":["GET"]}}],"collection":[{"href":"http:\/\/staging.ibermusicas.org\/index.php\/wp-json\/wp\/v2\/posts"}],"about":[{"href":"http:\/\/staging.ibermusicas.org\/index.php\/wp-json\/wp\/v2\/types\/post"}],"author":[{"embeddable":true,"href":"http:\/\/staging.ibermusicas.org\/index.php\/wp-json\/wp\/v2\/users\/7"}],"replies":[{"embeddable":true,"href":"http:\/\/staging.ibermusicas.org\/index.php\/wp-json\/wp\/v2\/comments?post=22089"}],"version-history":[{"count":1,"href":"http:\/\/staging.ibermusicas.org\/index.php\/wp-json\/wp\/v2\/posts\/22089\/revisions"}],"predecessor-version":[{"id":22090,"href":"http:\/\/staging.ibermusicas.org\/index.php\/wp-json\/wp\/v2\/posts\/22089\/revisions\/22090"}],"wp:featuredmedia":[{"embeddable":true,"href":"http:\/\/staging.ibermusicas.org\/index.php\/wp-json\/wp\/v2\/media\/22087"}],"wp:attachment":[{"href":"http:\/\/staging.ibermusicas.org\/index.php\/wp-json\/wp\/v2\/media?parent=22089"}],"wp:term":[{"taxonomy":"category","embeddable":true,"href":"http:\/\/staging.ibermusicas.org\/index.php\/wp-json\/wp\/v2\/categories?post=22089"},{"taxonomy":"post_tag","embeddable":true,"href":"http:\/\/staging.ibermusicas.org\/index.php\/wp-json\/wp\/v2\/tags?post=22089"}],"curies":[{"name":"wp","href":"https:\/\/api.w.org\/{rel}","templated":true}]}}