{"id":22099,"date":"2025-04-14T17:36:16","date_gmt":"2025-04-14T17:36:16","guid":{"rendered":"http:\/\/staging.ibermusicas.org\/?p=22099"},"modified":"2025-04-28T18:22:27","modified_gmt":"2025-04-28T18:22:27","slug":"jose-ramon-hernandez-flores-do-mexico-e-daniel-tatita-marquez-do-uruguai-avancam-em-seu-projeto-virtual-bateria-robotica-de-laboratorio-multiplicadores-ao-redor-do-mundo","status":"publish","type":"post","link":"http:\/\/staging.ibermusicas.org\/index.php\/jose-ramon-hernandez-flores-do-mexico-e-daniel-tatita-marquez-do-uruguai-avancam-em-seu-projeto-virtual-bateria-robotica-de-laboratorio-multiplicadores-ao-redor-do-mundo\/","title":{"rendered":"Jos\u00e9 Ram\u00f3n Hern\u00e1ndez Flores, do M\u00e9xico, e Daniel Tatita M\u00e1rquez, do Uruguai, avan\u00e7am em seu projeto virtual \u201cBateria Rob\u00f3tica de Laborat\u00f3rio: Multiplicadores ao redor do mundo\u201d"},"content":{"rendered":"<p>O interc\u00e2mbio entre Tatita M\u00e1rquez e Ram\u00f3n Hern\u00e1ndez surge do interesse m\u00fatuo em suas respectivas abordagens pedag\u00f3gicas, o que leva M\u00e1rquez a propor o treinamento de Ram\u00f3n no uso da bateria rob\u00f3tica para que ele e seus alunos possam incorporar essa ferramenta em sua forma\u00e7\u00e3o musical.<\/p>\n<p>&nbsp;<\/p>\n<p>O Lab-Robotic Drums \u00e9 um projeto educacional inovador idealizado pelo musicista uruguaio Tatita M\u00e1rquez, que visa integrar m\u00fasica e tecnologia na educa\u00e7\u00e3o de alunos de diversos contextos socioecon\u00f4micos. O projeto se concentra no treinamento de professores multiplicadores, que se tornam agentes de mudan\u00e7a ao replicar e disseminar o conhecimento tecnol\u00f3gico e art\u00edstico em suas respectivas comunidades. Ao fornecer acesso democratizado a ferramentas educacionais e\u00a0 tecnol\u00f3gicas, o projeto visa reduzir a lacuna de acesso em regi\u00f5es com recursos limitados em todo o mundo.<\/p>\n<p>&nbsp;<\/p>\n<p>O principal objetivo do projeto \u00e9 gerar um processo educacional acess\u00edvel e sustent\u00e1vel, especialmente em \u00e1reas onde a tecnologia \u00e9 escassa. Nesse caso espec\u00edfico, o projeto conta com a colabora\u00e7\u00e3o de Ram\u00f3n Hernandez Flores, Diretor-Instrutor do Instituto Cultural de Guanajuato, Guanajuato, M\u00e9xico.<\/p>\n<p>&nbsp;<\/p>\n<p>Daniel Tatita M\u00e1rquez \u00e9 m\u00fasico, pesquisador, professor, embaixador cultural da Marca Pa\u00eds Uruguay XXI, consultor de candombe para a UNESCO e endossante do Latin Percussion LP. Sua forma\u00e7\u00e3o acad\u00eamica inclui a Escola Municipal de M\u00fasica de Montevid\u00e9u (IMM), a Escola Universit\u00e1ria de M\u00fasica (UdelaR), a Universidade de S\u00e3o Paulo (USP) e, de forma independente, com v\u00e1rios professores em Nova York, EUA. Ele tem um total de trinta projetos de pesquisa sobre o candombe e lan\u00e7ou oito \u00e1lbuns nos g\u00eaneros jazz candombe, candombe eletr\u00f4nico e candombe contempor\u00e2neo.<\/p>\n<p>&nbsp;<\/p>\n<p>Representou o Uruguai em diferentes eventos, como: Copa do Mundo na \u00c1frica do Sul em 2010, Expo Yeosu 2012 na Coreia, Festival SXSW em Austin &#8211; Texas em 2013, Expo Inter em Porto Alegre &#8211; Brasil 2013, Feira Internacional do Livro em Havana em 2016, Copa do Mundo R\u00fassia 2018, China LAC na China 2018, CIIE 2018, China &#8211; Xangai. Ele foi selecionado para fazer parte do programa de TV Q&#8217; Viva the Chosen apresentado por Jennifer Lopez e Marc Anthony. Recebeu a bolsa de cria\u00e7\u00e3o do FEFCA para o reconhecimento de sua carreira em duas ocasi\u00f5es, o fundo Iberm\u00fasicas para uma resid\u00eancia criativa no M\u00e9xico e recebeu pela segunda vez o fundo Iberm\u00fasicas para uma resid\u00eancia criativa no CMMAS Centro Mexicano de M\u00fasica e Artes S\u00f4nicas. Faz parte do cat\u00e1logo de internacionaliza\u00e7\u00e3o do Instituto Nacional de M\u00fasica como artista consagrado \u201cEXPANDE, M\u00fasicas del Uruguay al mundo\u201d.<\/p>\n<p>&nbsp;<\/p>\n<p>Tatita M\u00e1rquez \u00e9 o criador de uma nova maneira de fazer m\u00fasica aplicando tecnologia e rob\u00f3tica ao som e \u00e0s artes c\u00eanicas com seu projeto ROBOTIC DRUMS apresentado em 2017, 2018 e 2019 em todo o mundo. Ele est\u00e1 desenvolvendo seu projeto ROBOTIC DRUMS 2024-26 com a Genexus no ThalesLab e a Ag\u00eancia Nacional de Pesquisa e Inova\u00e7\u00e3o ANII. Em 2024, o projeto ROBOTIC DRUMS recebe apoio dos Fundos Culturais da Embaixada dos EUA para realizar oficinas de percuss\u00e3o e rob\u00f3tica em v\u00e1rios locais do interior do Uruguai. Seu \u00faltimo espet\u00e1culo, \u201cPienso\u201d, estreou no Uruguai no Teatro Sol\u00eds e teve sua estreia internacional na Feria Nacional de San Marcos, em Aguascalientes, em abril de 2024.<\/p>\n<p>&nbsp;<\/p>\n<p>Jos\u00e9 Ram\u00f3n Hern\u00e1ndez Flores nasceu na cidade de Guanajuato. M\u00fasico formado pela Escola de M\u00fasica da Universidade de Guanajuato em percuss\u00e3o orquestral. Ele tamb\u00e9m estudou percuss\u00e3o brasileira, afro-cubana e \u00e1rabe com v\u00e1rios professores na Austr\u00e1lia, Turquia e M\u00e9xico. Seu primeiro instrumento de percuss\u00e3o foi a bateria, que ele vem estudando desde os 15 anos de idade e continua aperfei\u00e7oando. Ao mesmo tempo, estudou produ\u00e7\u00e3o musical e tem experi\u00eancia no uso de t\u00e9cnicas e tecnologias de grava\u00e7\u00e3o e produ\u00e7\u00e3o musical, sendo um operador do software padr\u00e3o do setor musical Pro Tools. Trabalhou em muitos projetos diferentes, incluindo a Orquestra Sinf\u00f4nica da Universidade de Guanajuato, o conjunto de m\u00fasica antiga Los Tiempos Pasados, do qual \u00e9 membro atualmente, est\u00fadios de grava\u00e7\u00e3o, m\u00fasica para teatro, grupos, conjuntos e bandas, tendo se apresentado em v\u00e1rios pa\u00edses, como Col\u00f4mbia, Austr\u00e1lia, Turquia e \u00c1ustria. Participou de cursos e master classes com diferentes professores, como Jan Pustjens (percussionista principal da Orquestra Concertgebouw de Amsterd\u00e3), Jos\u00e9 Antonio Fuentes (timpanista da Orquestra de \u00d3pera de Belas Artes), Jes\u00fas Reyes L\u00f3pez (percussionista principal da Orquestra Sinf\u00f4nica de Xalapa), H\u00e9ctor Quintanar, entre outros. Foi professor de Percuss\u00e3o Orquestral na Escola de M\u00fasica da Universidade de Guanajuato e professor de m\u00fasica na Secretaria de Educa\u00e7\u00e3o de Guanajuato. Atualmente, \u00e9 professor-instrutor do programa de sopros musicais na \u00e1rea de percuss\u00e3o em n\u00edvel estadual.<\/p>\n<p>&nbsp;<\/p>\n<p>Este projeto de Jos\u00e9 Ram\u00f3n Hern\u00e1ndez Flores e Daniel Tatita M\u00e1rquez ganhou a convocat\u00f3ria 2024 do Programa Iberm\u00fasicas na linha de \u201cApoio a projetos virtuais\u201d.<\/p>\n","protected":false},"excerpt":{"rendered":"<p>O interc\u00e2mbio entre Tatita M\u00e1rquez e Ram\u00f3n Hern\u00e1ndez surge do interesse m\u00fatuo em suas respectivas abordagens pedag\u00f3gicas, o que leva M\u00e1rquez a propor o treinamento de Ram\u00f3n no uso da bateria rob\u00f3tica para que ele e seus alunos possam incorporar essa ferramenta em sua forma\u00e7\u00e3o musical. &nbsp; O Lab-Robotic Drums \u00e9 um projeto educacional inovador [&hellip;]<\/p>\n","protected":false},"author":7,"featured_media":22097,"comment_status":"closed","ping_status":"closed","sticky":false,"template":"","format":"standard","meta":{"footnotes":""},"categories":[218],"tags":[],"class_list":["post-22099","post","type-post","status-publish","format-standard","has-post-thumbnail","hentry","category-noticias-generales-pt"],"lang":"pt","translations":{"pt":22099,"es":22096},"pll_sync_post":[],"post_mailing_queue_ids":[],"_links":{"self":[{"href":"http:\/\/staging.ibermusicas.org\/index.php\/wp-json\/wp\/v2\/posts\/22099","targetHints":{"allow":["GET"]}}],"collection":[{"href":"http:\/\/staging.ibermusicas.org\/index.php\/wp-json\/wp\/v2\/posts"}],"about":[{"href":"http:\/\/staging.ibermusicas.org\/index.php\/wp-json\/wp\/v2\/types\/post"}],"author":[{"embeddable":true,"href":"http:\/\/staging.ibermusicas.org\/index.php\/wp-json\/wp\/v2\/users\/7"}],"replies":[{"embeddable":true,"href":"http:\/\/staging.ibermusicas.org\/index.php\/wp-json\/wp\/v2\/comments?post=22099"}],"version-history":[{"count":1,"href":"http:\/\/staging.ibermusicas.org\/index.php\/wp-json\/wp\/v2\/posts\/22099\/revisions"}],"predecessor-version":[{"id":22100,"href":"http:\/\/staging.ibermusicas.org\/index.php\/wp-json\/wp\/v2\/posts\/22099\/revisions\/22100"}],"wp:featuredmedia":[{"embeddable":true,"href":"http:\/\/staging.ibermusicas.org\/index.php\/wp-json\/wp\/v2\/media\/22097"}],"wp:attachment":[{"href":"http:\/\/staging.ibermusicas.org\/index.php\/wp-json\/wp\/v2\/media?parent=22099"}],"wp:term":[{"taxonomy":"category","embeddable":true,"href":"http:\/\/staging.ibermusicas.org\/index.php\/wp-json\/wp\/v2\/categories?post=22099"},{"taxonomy":"post_tag","embeddable":true,"href":"http:\/\/staging.ibermusicas.org\/index.php\/wp-json\/wp\/v2\/tags?post=22099"}],"curies":[{"name":"wp","href":"https:\/\/api.w.org\/{rel}","templated":true}]}}