{"id":22101,"date":"2025-04-14T17:37:59","date_gmt":"2025-04-14T17:37:59","guid":{"rendered":"http:\/\/staging.ibermusicas.org\/?p=22101"},"modified":"2025-04-28T17:55:53","modified_gmt":"2025-04-28T17:55:53","slug":"el-compositor-mexicano-ivan-ferrer-orozco-inicia-su-residencia-compositiva-con-el-ensemble-hanatsumiroir-de-estrasburgo-francia","status":"publish","type":"post","link":"http:\/\/staging.ibermusicas.org\/index.php\/el-compositor-mexicano-ivan-ferrer-orozco-inicia-su-residencia-compositiva-con-el-ensemble-hanatsumiroir-de-estrasburgo-francia\/","title":{"rendered":"El compositor mexicano Iv\u00e1n Ferrer Orozco inicia su residencia compositiva con el ensemble HANATSUMiroir de Estrasburgo, Francia"},"content":{"rendered":"<p>Esta residencia contempla la creaci\u00f3n de un dispositivo audiovisual inmersivo en colaboraci\u00f3n estrecha con el ensemble HANATSUMiroir de Estrasburgo. La obra, titulada Topia III, incluye flauta contrabajo, percusi\u00f3n, medios lo-fi, visuales y electr\u00f3nica en vivo, con una duraci\u00f3n aproximada de 20 minutos.<\/p>\n<p>&nbsp;<\/p>\n<p>Iv\u00e1n Ferrer Orozco (Ciudad de M\u00e9xico, 1976) es compositor, int\u00e9rprete especializado en medios electr\u00f3nicos y dise\u00f1ador inform\u00e1tico musical. Su trabajo se desarrolla en los \u00e1mbitos de la m\u00fasica contempor\u00e1nea, experimental, electroac\u00fastica y mixta. De 2012 a 2020 fue miembro del ensemble Neopercusi\u00f3n, actualmente lo es de Vertixe Sonora Ensemble y de Synergein Project. Trabaja como dise\u00f1ador inform\u00e1tico musical y sideman con otros grupos, solistas, instituciones y artistas de Espa\u00f1a y el extranjero.<\/p>\n<p>&nbsp;<\/p>\n<p>Entre otras distinciones, en 2021 la International Computer Music Association le otorg\u00f3 el ICMA Best Music Award. Ha sido artista en residencia en la Akademie der K\u00fcnste Berlin, Hooyong Performing Arts Centre, Consejo para las Artes y Letras de Quebec, MacDowell Colony, Iberm\u00fasicas, Schleswig-Holsteinisches K\u00fcnstlerhaus, Goethe-Institut, la Residencia de Estudiantes, VCCA, Djerassi, entre otras. En 2019 fue nombrado miembro del Sistema Nacional de Creadores de Arte de M\u00e9xico, reconocimiento que le fue otorgado nuevamente en 2024. Entre 2023 y 2024 fue miembro del Grupo de Investigaci\u00f3n Formas de Cultura del Programa de Estudios de Museolog\u00eda Cr\u00edtica, Pr\u00e1cticas de Investigaci\u00f3n Art\u00edstica y Estudios Culturales del Museo Nacional Centro de Arte Reina Sof\u00eda.<\/p>\n<p><strong>\u00a0<\/strong><\/p>\n<p>HANATSUmiroir fue creado en 2010 por la flautista Ayako Okubo y el percusionista Olivier Maurel. Impulsado por el deseo de desarrollar un nuevo repertorio y vi\u00e9ndolo como una herramienta po\u00e9tica para vincular culturas y pr\u00e1cticas, el d\u00fao reuni\u00f3 r\u00e1pidamente a un grupo m\u00e1s amplio de int\u00e9rpretes, bailarines, artistas visuales y escen\u00f3grafos. Entre investigaci\u00f3n, creaci\u00f3n y repertorio, el deseo de crear situaciones esc\u00e9nicas propicias para escuchar la m\u00fasica de nuestro tiempo de otra manera ha llevado al conjunto a escenarios y festivales de varios pa\u00edses de Europa, Asia y Norteam\u00e9rica. Al mismo tiempo, HANATSUmiroir desarrolla actividades de divulgaci\u00f3n y pedag\u00f3gicas que se enriquecen con las creaciones del conjunto en toda Alsacia. El conjunto tambi\u00e9n organiza encuentros y talleres con compositores, lo que brinda oportunidades para nuevos descubrimientos musicales.<\/p>\n<p>&nbsp;<\/p>\n<p>Esta propuesta de Ivan Ferrer Orozco junto al ensemble HANATSUMiroir, ha sido elegida como ganadora por el Programa Iberm\u00fasicas en su l\u00ednea de \u201cAyuda a artistas e investigadores para residencias\u201d, convocatoria 2024.<\/p>\n<p>&nbsp;<\/p>\n<ul>\n<li>Residencia del 30 de abril al 4 de junio en Estrasburgo, Francia<\/li>\n<li>Estreno el 24 de mayo en sala Espace K, Estrasburgo, Francia<\/li>\n<\/ul>\n","protected":false},"excerpt":{"rendered":"<p>Esta residencia contempla la creaci\u00f3n de un dispositivo audiovisual inmersivo en colaboraci\u00f3n estrecha con el ensemble HANATSUMiroir de Estrasburgo. La obra, titulada Topia III, incluye flauta contrabajo, percusi\u00f3n, medios lo-fi, visuales y electr\u00f3nica en vivo, con una duraci\u00f3n aproximada de 20 minutos. &nbsp; Iv\u00e1n Ferrer Orozco (Ciudad de M\u00e9xico, 1976) es compositor, int\u00e9rprete especializado en [&hellip;]<\/p>\n","protected":false},"author":7,"featured_media":22102,"comment_status":"closed","ping_status":"closed","sticky":false,"template":"","format":"standard","meta":{"footnotes":""},"categories":[53],"tags":[],"class_list":["post-22101","post","type-post","status-publish","format-standard","has-post-thumbnail","hentry","category-noticias-generales"],"lang":"es","translations":{"es":22101,"pt":22104},"pll_sync_post":[],"post_mailing_queue_ids":[],"_links":{"self":[{"href":"http:\/\/staging.ibermusicas.org\/index.php\/wp-json\/wp\/v2\/posts\/22101","targetHints":{"allow":["GET"]}}],"collection":[{"href":"http:\/\/staging.ibermusicas.org\/index.php\/wp-json\/wp\/v2\/posts"}],"about":[{"href":"http:\/\/staging.ibermusicas.org\/index.php\/wp-json\/wp\/v2\/types\/post"}],"author":[{"embeddable":true,"href":"http:\/\/staging.ibermusicas.org\/index.php\/wp-json\/wp\/v2\/users\/7"}],"replies":[{"embeddable":true,"href":"http:\/\/staging.ibermusicas.org\/index.php\/wp-json\/wp\/v2\/comments?post=22101"}],"version-history":[{"count":1,"href":"http:\/\/staging.ibermusicas.org\/index.php\/wp-json\/wp\/v2\/posts\/22101\/revisions"}],"predecessor-version":[{"id":22103,"href":"http:\/\/staging.ibermusicas.org\/index.php\/wp-json\/wp\/v2\/posts\/22101\/revisions\/22103"}],"wp:featuredmedia":[{"embeddable":true,"href":"http:\/\/staging.ibermusicas.org\/index.php\/wp-json\/wp\/v2\/media\/22102"}],"wp:attachment":[{"href":"http:\/\/staging.ibermusicas.org\/index.php\/wp-json\/wp\/v2\/media?parent=22101"}],"wp:term":[{"taxonomy":"category","embeddable":true,"href":"http:\/\/staging.ibermusicas.org\/index.php\/wp-json\/wp\/v2\/categories?post=22101"},{"taxonomy":"post_tag","embeddable":true,"href":"http:\/\/staging.ibermusicas.org\/index.php\/wp-json\/wp\/v2\/tags?post=22101"}],"curies":[{"name":"wp","href":"https:\/\/api.w.org\/{rel}","templated":true}]}}