{"id":22104,"date":"2025-04-14T17:39:13","date_gmt":"2025-04-14T17:39:13","guid":{"rendered":"http:\/\/staging.ibermusicas.org\/?p=22104"},"modified":"2025-04-28T18:22:20","modified_gmt":"2025-04-28T18:22:20","slug":"o-compositor-mexicano-ivan-ferrer-orozco-inicia-sua-residencia-de-composicao-com-o-conjunto-hanatsumiroir-em-estrasburgo-franca","status":"publish","type":"post","link":"http:\/\/staging.ibermusicas.org\/index.php\/o-compositor-mexicano-ivan-ferrer-orozco-inicia-sua-residencia-de-composicao-com-o-conjunto-hanatsumiroir-em-estrasburgo-franca\/","title":{"rendered":"O compositor mexicano Iv\u00e1n Ferrer Orozco inicia sua resid\u00eancia de composi\u00e7\u00e3o com o conjunto HANATSUMiroir em Estrasburgo, Fran\u00e7a"},"content":{"rendered":"<p>Essa resid\u00eancia envolve a cria\u00e7\u00e3o de um dispositivo audiovisual imersivo em estreita colabora\u00e7\u00e3o com o conjunto HANATSUMiroir de Estrasburgo. A obra, intitulada Topia III, inclui flauta de contrabaixo, percuss\u00e3o, m\u00eddia lo-fi, recursos visuais e eletr\u00f4nicos ao vivo, com dura\u00e7\u00e3o aproximada de 20 minutos.<\/p>\n<p>&nbsp;<\/p>\n<p>Iv\u00e1n Ferrer Orozco (Cidade do M\u00e9xico, 1976) \u00e9 compositor, performer especializado em m\u00eddia eletr\u00f4nica e designer de computadores musicais. Seu trabalho \u00e9 desenvolvido nos campos da m\u00fasica contempor\u00e2nea, experimental, eletroac\u00fastica e mista. De 2012 a 2020, foi membro do conjunto Neopercusi\u00f3n e atualmente \u00e9 membro do Vertixe Sonora Ensemble e do Synergein Project. Trabalha como designer de computadores musicais e sideman com outros grupos, solistas, institui\u00e7\u00f5es e artistas na Espanha e no exterior.<\/p>\n<p>&nbsp;<\/p>\n<p>Entre outras distin\u00e7\u00f5es, em 2021 a International Computer Music Association lhe concedeu o pr\u00eamio ICMA Best Music Award. Foi artista em resid\u00eancia na Akademie der K\u00fcnste Berlin, Hooyong Performing Arts Centre, Conseil des Arts et des Lettres du Qu\u00e9bec, MacDowell Colony, Iberm\u00fasicas, Schleswig-Holsteinisches K\u00fcnstlerhaus, Goethe-Institut, la Residencia de Estudiantes, VCCA, Djerassi, entre outros. Em 2019, foi nomeado membro do Sistema Nacional de Criadores de Arte do M\u00e9xico, um reconhecimento que lhe foi concedido novamente em 2024. Entre 2023 e 2024, foi membro do Grupo de Pesquisa Formas de Cultura do Programa de Estudos de Museologia Cr\u00edtica, Pr\u00e1ticas de Investiga\u00e7\u00e3o Art\u00edstica e Estudos Culturais do Museu Nacional Centro de Arte Reina Sof\u00eda.<\/p>\n<p>&nbsp;<\/p>\n<p>O HANATSUmiroir foi criado em 2010 pela flautista Ayako Okubo e pelo percussionista Olivier Maurel. Impulsionados pelo desejo de desenvolver um novo repert\u00f3rio e vendo-o como uma ferramenta po\u00e9tica para conectar culturas e pr\u00e1ticas, a dupla rapidamente reuniu um grupo mais amplo de artistas, dan\u00e7arinos, artistas visuais e cen\u00f3grafos. Entre pesquisa, cria\u00e7\u00e3o e repert\u00f3rio, o desejo de criar situa\u00e7\u00f5es de palco prop\u00edcias para ouvir a m\u00fasica de nosso tempo de uma maneira diferente levou o conjunto a palcos e festivais em v\u00e1rios pa\u00edses da Europa, \u00c1sia e Am\u00e9rica do Norte. Ao mesmo tempo, o HANATSUmiroir desenvolve atividades pedag\u00f3gicas e de extens\u00e3o que s\u00e3o enriquecidas pelas cria\u00e7\u00f5es do conjunto em toda a Als\u00e1cia. O conjunto tamb\u00e9m organiza encontros e workshops com compositores, oferecendo oportunidades para novas descobertas musicais.<\/p>\n<p>&nbsp;<\/p>\n<p>Essa proposta de Ivan Ferrer Orozco, juntamente com o conjunto HANATSUMiroir, foi escolhida como vencedora pelo Programa Iberm\u00fasicas em sua linha de \u201cApoio a artistas e pesquisadores para resid\u00eancias\u201d, chamada 2024.<\/p>\n<p>&nbsp;<\/p>\n<ul>\n<li>Resid\u00eancia de 30 de abril a 4 de junho em Estrasburgo, Fran\u00e7a.<\/li>\n<li>Estreia em 24 de maio no Espace K, Estrasburgo, Fran\u00e7a.<\/li>\n<\/ul>\n","protected":false},"excerpt":{"rendered":"<p>Essa resid\u00eancia envolve a cria\u00e7\u00e3o de um dispositivo audiovisual imersivo em estreita colabora\u00e7\u00e3o com o conjunto HANATSUMiroir de Estrasburgo. A obra, intitulada Topia III, inclui flauta de contrabaixo, percuss\u00e3o, m\u00eddia lo-fi, recursos visuais e eletr\u00f4nicos ao vivo, com dura\u00e7\u00e3o aproximada de 20 minutos. &nbsp; Iv\u00e1n Ferrer Orozco (Cidade do M\u00e9xico, 1976) \u00e9 compositor, performer especializado [&hellip;]<\/p>\n","protected":false},"author":7,"featured_media":22102,"comment_status":"closed","ping_status":"closed","sticky":false,"template":"","format":"standard","meta":{"footnotes":""},"categories":[218],"tags":[],"class_list":["post-22104","post","type-post","status-publish","format-standard","has-post-thumbnail","hentry","category-noticias-generales-pt"],"lang":"pt","translations":{"pt":22104,"es":22101},"pll_sync_post":[],"post_mailing_queue_ids":[],"_links":{"self":[{"href":"http:\/\/staging.ibermusicas.org\/index.php\/wp-json\/wp\/v2\/posts\/22104","targetHints":{"allow":["GET"]}}],"collection":[{"href":"http:\/\/staging.ibermusicas.org\/index.php\/wp-json\/wp\/v2\/posts"}],"about":[{"href":"http:\/\/staging.ibermusicas.org\/index.php\/wp-json\/wp\/v2\/types\/post"}],"author":[{"embeddable":true,"href":"http:\/\/staging.ibermusicas.org\/index.php\/wp-json\/wp\/v2\/users\/7"}],"replies":[{"embeddable":true,"href":"http:\/\/staging.ibermusicas.org\/index.php\/wp-json\/wp\/v2\/comments?post=22104"}],"version-history":[{"count":2,"href":"http:\/\/staging.ibermusicas.org\/index.php\/wp-json\/wp\/v2\/posts\/22104\/revisions"}],"predecessor-version":[{"id":22106,"href":"http:\/\/staging.ibermusicas.org\/index.php\/wp-json\/wp\/v2\/posts\/22104\/revisions\/22106"}],"wp:featuredmedia":[{"embeddable":true,"href":"http:\/\/staging.ibermusicas.org\/index.php\/wp-json\/wp\/v2\/media\/22102"}],"wp:attachment":[{"href":"http:\/\/staging.ibermusicas.org\/index.php\/wp-json\/wp\/v2\/media?parent=22104"}],"wp:term":[{"taxonomy":"category","embeddable":true,"href":"http:\/\/staging.ibermusicas.org\/index.php\/wp-json\/wp\/v2\/categories?post=22104"},{"taxonomy":"post_tag","embeddable":true,"href":"http:\/\/staging.ibermusicas.org\/index.php\/wp-json\/wp\/v2\/tags?post=22104"}],"curies":[{"name":"wp","href":"https:\/\/api.w.org\/{rel}","templated":true}]}}