{"id":22107,"date":"2025-04-14T17:41:34","date_gmt":"2025-04-14T17:41:34","guid":{"rendered":"http:\/\/staging.ibermusicas.org\/?p=22107"},"modified":"2025-04-14T17:41:34","modified_gmt":"2025-04-14T17:41:34","slug":"ibermusicas-difunde-la-convocatoria-realizada-por-el-ayuntamiento-de-montserrat-para-el-ii-concurso-internacional-de-mujeres-compositoras-maria-theresia-von-paradis","status":"publish","type":"post","link":"http:\/\/staging.ibermusicas.org\/index.php\/ibermusicas-difunde-la-convocatoria-realizada-por-el-ayuntamiento-de-montserrat-para-el-ii-concurso-internacional-de-mujeres-compositoras-maria-theresia-von-paradis\/","title":{"rendered":"Iberm\u00fasicas difunde la convocatoria realizada por el Ayuntamiento de Montserrat para el II Concurso Internacional de Mujeres Compositoras \u201cMaria Theresia Von Paradis\u201d"},"content":{"rendered":"<p>Esta iniciativa tiene como objetivo fundamental promover y reconocer el talento creativo de las mujeres en el \u00e1mbito de la composici\u00f3n musical a nivel mundial, fomentando la diversidad y la igualdad de oportunidades en la m\u00fasica.<\/p>\n<p>&nbsp;<\/p>\n<p>El concurso est\u00e1 dirigido a mujeres compositoras de cualquier nacionalidad, mayores de 18 a\u00f1os. Procura\u00a0 destacar obras originales e in\u00e9ditas que no hayan sido previamente interpretadas en p\u00fablico ni difundidas por ning\u00fan medio.<\/p>\n<p>&nbsp;<\/p>\n<p>Cada compositora podr\u00e1 presentar una \u00fanica obra de m\u00fasica de c\u00e1mara, con un formato libre que incluya entre dos y cinco instrumentos (el canto se considera un instrumento). La duraci\u00f3n de la pieza debe estar comprendida entre los ocho y los quince minutos.<\/p>\n<p>&nbsp;<\/p>\n<p>Las compositoras interesadas deber\u00e1n completar un formulario de inscripci\u00f3n online disponible en el sitio web oficial de la Semana Internacional de M\u00fasica de C\u00e1mara de Montserrat. La presentaci\u00f3n de las obras se realizar\u00e1 enviando los archivos a trav\u00e9s de WeTransfer al correo electr\u00f3nico:<a href=\"mailto:cultura@montserrat.es\">cultura@montserrat.es<\/a>. La fecha l\u00edmite para recibir las obras es el 15 de junio de 2025. Se otorgar\u00e1 un \u00fanico premio dotado con 2.500 \u20ac.<\/p>\n<p>&nbsp;<\/p>\n<p>Un jurado compuesto por un m\u00ednimo de tres profesionales de reconocido prestigio en el \u00e1mbito musical evaluar\u00e1 las composiciones bas\u00e1ndose en criterios de creatividad, originalidad, calidad art\u00edstica y habilidad t\u00e9cnica. Se valorar\u00e1 especialmente el enfoque innovador, la expresividad y la coherencia estructural y conceptual de las obras. Los nombres de los miembros del jurado se har\u00e1n p\u00fablicos una vez finalizado el proceso de selecci\u00f3n.<\/p>\n<p>&nbsp;<\/p>\n<p>Esta convocatoria representa una firme apuesta del Ayuntamiento de Montserrat por visibilizar y apoyar el talento femenino en la composici\u00f3n musical, un campo donde a\u00fan es necesario fomentar una mayor presencia y reconocimiento.<\/p>\n","protected":false},"excerpt":{"rendered":"<p>Esta iniciativa tiene como objetivo fundamental promover y reconocer el talento creativo de las mujeres en el \u00e1mbito de la composici\u00f3n musical a nivel mundial, fomentando la diversidad y la igualdad de oportunidades en la m\u00fasica. &nbsp; El concurso est\u00e1 dirigido a mujeres compositoras de cualquier nacionalidad, mayores de 18 a\u00f1os. Procura\u00a0 destacar obras originales [&hellip;]<\/p>\n","protected":false},"author":7,"featured_media":22108,"comment_status":"closed","ping_status":"closed","sticky":false,"template":"","format":"standard","meta":{"footnotes":""},"categories":[53],"tags":[],"class_list":["post-22107","post","type-post","status-publish","format-standard","has-post-thumbnail","hentry","category-noticias-generales"],"lang":"es","translations":{"es":22107,"pt":22110},"pll_sync_post":[],"post_mailing_queue_ids":[],"_links":{"self":[{"href":"http:\/\/staging.ibermusicas.org\/index.php\/wp-json\/wp\/v2\/posts\/22107","targetHints":{"allow":["GET"]}}],"collection":[{"href":"http:\/\/staging.ibermusicas.org\/index.php\/wp-json\/wp\/v2\/posts"}],"about":[{"href":"http:\/\/staging.ibermusicas.org\/index.php\/wp-json\/wp\/v2\/types\/post"}],"author":[{"embeddable":true,"href":"http:\/\/staging.ibermusicas.org\/index.php\/wp-json\/wp\/v2\/users\/7"}],"replies":[{"embeddable":true,"href":"http:\/\/staging.ibermusicas.org\/index.php\/wp-json\/wp\/v2\/comments?post=22107"}],"version-history":[{"count":1,"href":"http:\/\/staging.ibermusicas.org\/index.php\/wp-json\/wp\/v2\/posts\/22107\/revisions"}],"predecessor-version":[{"id":22109,"href":"http:\/\/staging.ibermusicas.org\/index.php\/wp-json\/wp\/v2\/posts\/22107\/revisions\/22109"}],"wp:featuredmedia":[{"embeddable":true,"href":"http:\/\/staging.ibermusicas.org\/index.php\/wp-json\/wp\/v2\/media\/22108"}],"wp:attachment":[{"href":"http:\/\/staging.ibermusicas.org\/index.php\/wp-json\/wp\/v2\/media?parent=22107"}],"wp:term":[{"taxonomy":"category","embeddable":true,"href":"http:\/\/staging.ibermusicas.org\/index.php\/wp-json\/wp\/v2\/categories?post=22107"},{"taxonomy":"post_tag","embeddable":true,"href":"http:\/\/staging.ibermusicas.org\/index.php\/wp-json\/wp\/v2\/tags?post=22107"}],"curies":[{"name":"wp","href":"https:\/\/api.w.org\/{rel}","templated":true}]}}