{"id":22110,"date":"2025-04-14T17:43:51","date_gmt":"2025-04-14T17:43:51","guid":{"rendered":"http:\/\/staging.ibermusicas.org\/?p=22110"},"modified":"2025-04-14T17:43:51","modified_gmt":"2025-04-14T17:43:51","slug":"o-programa-ibermusicas-divulga-a-chamada-feita-pela-prefeitura-de-montserrat-para-o-ii-concurso-internacional-de-mulheres-compositoras-maria-theresia-von-paradis","status":"publish","type":"post","link":"http:\/\/staging.ibermusicas.org\/index.php\/o-programa-ibermusicas-divulga-a-chamada-feita-pela-prefeitura-de-montserrat-para-o-ii-concurso-internacional-de-mulheres-compositoras-maria-theresia-von-paradis\/","title":{"rendered":"O Programa Iberm\u00fasicas divulga a chamada feita pela Prefeitura de Montserrat para o II Concurso Internacional de Mulheres Compositoras \u201cMaria Theresia Von Paradis\u201d"},"content":{"rendered":"<p>O principal objetivo dessa iniciativa \u00e9 promover e reconhecer o talento criativo das mulheres no campo da composi\u00e7\u00e3o musical em todo o mundo, promovendo a diversidade e a igualdade de oportunidades na m\u00fasica.<\/p>\n<p>&nbsp;<\/p>\n<p>O concurso \u00e9 destinado a compositoras de qualquer nacionalidade, com mais de 18 anos de idade. Ele busca destacar obras originais e in\u00e9ditas que n\u00e3o tenham sido executadas anteriormente em p\u00fablico ou transmitidas em qualquer m\u00eddia.<\/p>\n<p>&nbsp;<\/p>\n<p>Cada compositora pode apresentar uma \u00fanica obra de m\u00fasica de c\u00e2mara, com um formato livre que inclua entre dois e cinco instrumentos (o canto \u00e9 considerado um instrumento). A dura\u00e7\u00e3o da pe\u00e7a deve ser de oito a quinze minutos.<\/p>\n<p>&nbsp;<\/p>\n<p>As compositoras interessados devem preencher um formul\u00e1rio de inscri\u00e7\u00e3o on-line dispon\u00edvel no site oficial da Semana Internacional de M\u00fasica de C\u00e2mara de Montserrat. As obras ser\u00e3o apresentadas enviando os arquivos via WeTransfer para:cultura@montserrat.es. O prazo para receber as obras \u00e9 15 de junho de 2025. Ser\u00e1 concedido um \u00fanico pr\u00eamio de 2.500 euros.<\/p>\n<p>&nbsp;<\/p>\n<p>Um j\u00fari composto por pelo menos tr\u00eas profissionais de reconhecido prest\u00edgio no campo da m\u00fasica avaliar\u00e1 as composi\u00e7\u00f5es com base em crit\u00e9rios de criatividade, originalidade, qualidade art\u00edstica e habilidade t\u00e9cnica. A abordagem inovadora, a expressividade e a coer\u00eancia estrutural e conceitual das obras ser\u00e3o particularmente valorizadas. Os nomes dos membros do j\u00fari ser\u00e3o divulgados assim que o processo de sele\u00e7\u00e3o for conclu\u00eddo.<\/p>\n<p>&nbsp;<\/p>\n<p>Esta chamada representa um firme compromisso do Conselho Municipal de Montserrat para tornar vis\u00edvel e apoiar o talento feminino na composi\u00e7\u00e3o musical, um campo em que ainda \u00e9 necess\u00e1rio promover uma maior presen\u00e7a e reconhecimento.<\/p>\n","protected":false},"excerpt":{"rendered":"<p>O principal objetivo dessa iniciativa \u00e9 promover e reconhecer o talento criativo das mulheres no campo da composi\u00e7\u00e3o musical em todo o mundo, promovendo a diversidade e a igualdade de oportunidades na m\u00fasica. &nbsp; O concurso \u00e9 destinado a compositoras de qualquer nacionalidade, com mais de 18 anos de idade. Ele busca destacar obras originais [&hellip;]<\/p>\n","protected":false},"author":7,"featured_media":22108,"comment_status":"closed","ping_status":"closed","sticky":false,"template":"","format":"standard","meta":{"footnotes":""},"categories":[218],"tags":[],"class_list":["post-22110","post","type-post","status-publish","format-standard","has-post-thumbnail","hentry","category-noticias-generales-pt"],"lang":"pt","translations":{"pt":22110,"es":22107},"pll_sync_post":[],"post_mailing_queue_ids":[],"_links":{"self":[{"href":"http:\/\/staging.ibermusicas.org\/index.php\/wp-json\/wp\/v2\/posts\/22110","targetHints":{"allow":["GET"]}}],"collection":[{"href":"http:\/\/staging.ibermusicas.org\/index.php\/wp-json\/wp\/v2\/posts"}],"about":[{"href":"http:\/\/staging.ibermusicas.org\/index.php\/wp-json\/wp\/v2\/types\/post"}],"author":[{"embeddable":true,"href":"http:\/\/staging.ibermusicas.org\/index.php\/wp-json\/wp\/v2\/users\/7"}],"replies":[{"embeddable":true,"href":"http:\/\/staging.ibermusicas.org\/index.php\/wp-json\/wp\/v2\/comments?post=22110"}],"version-history":[{"count":1,"href":"http:\/\/staging.ibermusicas.org\/index.php\/wp-json\/wp\/v2\/posts\/22110\/revisions"}],"predecessor-version":[{"id":22111,"href":"http:\/\/staging.ibermusicas.org\/index.php\/wp-json\/wp\/v2\/posts\/22110\/revisions\/22111"}],"wp:featuredmedia":[{"embeddable":true,"href":"http:\/\/staging.ibermusicas.org\/index.php\/wp-json\/wp\/v2\/media\/22108"}],"wp:attachment":[{"href":"http:\/\/staging.ibermusicas.org\/index.php\/wp-json\/wp\/v2\/media?parent=22110"}],"wp:term":[{"taxonomy":"category","embeddable":true,"href":"http:\/\/staging.ibermusicas.org\/index.php\/wp-json\/wp\/v2\/categories?post=22110"},{"taxonomy":"post_tag","embeddable":true,"href":"http:\/\/staging.ibermusicas.org\/index.php\/wp-json\/wp\/v2\/tags?post=22110"}],"curies":[{"name":"wp","href":"https:\/\/api.w.org\/{rel}","templated":true}]}}