{"id":22181,"date":"2025-04-21T21:21:28","date_gmt":"2025-04-21T21:21:28","guid":{"rendered":"http:\/\/staging.ibermusicas.org\/?p=22181"},"modified":"2025-04-21T21:27:04","modified_gmt":"2025-04-21T21:27:04","slug":"accesibilidad-e-inclusion-cultural-hacia-una-iberoamerica-para-el-disfrute-de-todas-y-todos","status":"publish","type":"post","link":"http:\/\/staging.ibermusicas.org\/index.php\/accesibilidad-e-inclusion-cultural-hacia-una-iberoamerica-para-el-disfrute-de-todas-y-todos\/","title":{"rendered":"Accesibilidad e Inclusi\u00f3n Cultural: Hacia una Iberoam\u00e9rica para el disfrute de todas y todos"},"content":{"rendered":"<p>Con el objetivo de fortalecer el derecho de todas las personas a participar plenamente en la vida cultural y en l\u00ednea con la meta 10.2 del Objetivo 10 de la Agenda 2030 para el Desarrollo Sostenible (que busca aumentar y promover la inclusi\u00f3n social, econ\u00f3mica y pol\u00edtica de todas las personas, independientemente de su edad, sexo, discapacidad, raza, etnia, origen, religi\u00f3n, situaci\u00f3n econ\u00f3mica u otra condici\u00f3n), Iberm\u00fasicas despliega una serie de acciones en ese sentido.<\/p>\n<p>Generar accesibilidad implica cuestionar nuestras propias pr\u00e1cticas y re pensar de manera cr\u00edtica las formas de crear y generar pol\u00edticas p\u00fablicas. Procuramos que las personas puedan adoptar una nueva forma de mirar y concebir la sociedad, de manera que todos los modos de existencia y corporalidades sean valorados. Queremos alentar la reflexi\u00f3n sobre la manera en que se generan los proyectos, productos y servicios culturales, aportando algunas herramientas que puedan colaborar en este camino hacia la inclusi\u00f3n de una Iberoam\u00e9rica para el disfrute de todas y todos.<\/p>\n<p>En Iberm\u00fasicas, llevamos m\u00e1s de 10 a\u00f1os impulsando\u00a0<strong>acciones afirmativas<\/strong>\u00a0en nuestras convocatorias y concursos para fomentar la inclusi\u00f3n. Este enfoque nos ha permitido priorizar proyectos que promuevan la igualdad de g\u00e9nero, la participaci\u00f3n de personas con discapacidad, la comunidad LGTBI+ y las poblaciones afrodescendientes e ind\u00edgenas. No valoramos solamente la representatividad de estos colectivos, sino tambi\u00e9n el impacto positivo que los proyectos generan en sus comunidades.<\/p>\n<p>A partir de esta iniciativa, comenzamos a construir un observatorio de inclusi\u00f3n que nos permiti\u00f3 definir\u00a0<strong>indicadores claves<\/strong>\u00a0para orientar las decisiones del Programa y optimizar sus acciones. Uno de los aspectos m\u00e1s destacados ha sido el aumento en la cantidad de proyectos presentados a nuestras convocatorias y concursos que incorporan a personas con discapacidad sensorial, motora y cognitiva. Este crecimiento ha impulsado\u00a0<strong>la implementaci\u00f3n de nuevas herramientas<\/strong>\u00a0para ampliar las oportunidades de acceso y garantizar el pleno ejercicio de los derechos culturales, fomentando una participaci\u00f3n inclusiva y libre de toda forma de discriminaci\u00f3n.<\/p>\n<p>Entre estas herramientas, cabe mencionar la implementaci\u00f3n de la\u00a0<strong>Accesibilidad Digital<\/strong>, que busca adaptar el dise\u00f1o y desarrollo de nuestras plataformas y herramientas tecnol\u00f3gicas para que sean accesibles a todas las personas. El objetivo es eliminar barreras y asegurar que cualquier usuario, pueda navegar, interactuar y comprender la informaci\u00f3n de manera efectiva. Actualmente, nos encontramos en pleno proceso de implementaci\u00f3n de estas medidas, con el compromiso de avanzar hacia una verdadera inclusi\u00f3n digital.<\/p>\n<p>Adem\u00e1s, consideramos fundamental compartir conocimientos en esta materia para fortalecer las capacidades y la profesionalizaci\u00f3n del sector en t\u00e9rminos de inclusi\u00f3n. Con este prop\u00f3sito, hemos establecido una alianza con la Fundaci\u00f3n Music for All, una organizaci\u00f3n espa\u00f1ola dedicada exclusivamente a promover la accesibilidad en la m\u00fasica, que generosamente pone a disposici\u00f3n, de manera ad honorem, una\u00a0<strong>serie de manuales y gu\u00edas did\u00e1cticas\u00a0<\/strong>para hacer accesibles los festivales, salas de conciertos y escenarios. El Programa, por su parte, facilit\u00f3 la traducci\u00f3n de estos materiales al portugu\u00e9s y asumi\u00f3 el compromiso de difundirlos ampliamente en toda Iberoam\u00e9rica, con el objetivo de alcanzar a la mayor cantidad posible de destinatarios. Los manuales y gu\u00edas se encuentran a continuaci\u00f3n para consulta y descarga gratuita.<\/p>\n<p>Como parte de esta iniciativa, se llevar\u00e1n a cabo\u00a0<strong>talleres intensivos en modalidad virtual<\/strong>, impartidos por la Fundaci\u00f3n Music for All. Estas capacitaciones brindar\u00e1n herramientas clave para que festivales y espacios culturales puedan desarrollar su propio\u00a0<strong>Plan de Accesibilidad<\/strong>, permiti\u00e9ndoles implementar medidas concretas que favorezcan la inclusi\u00f3n de todas las personas. De esta manera, se busca promover la accesibilidad y la inclusi\u00f3n de las personas con discapacidad como un medio esencial a fin de garantizar la participaci\u00f3n plena y en igualdad de condiciones en la vida cultural.<\/p>\n<p><strong>Capacitaci\u00f3n en espa\u00f1ol: mi\u00e9rcoles 14 de mayo<\/strong><br \/>\nVer horarios seg\u00fan pa\u00eds y link inscripci\u00f3n\u00a0<a href=\"http:\/\/staging.ibermusicas.org\/index.php\/music-for-all-e-ibermusicas-ofrecen-una-capacitacion-gratuita-en-accesibilidad-en-conciertos-de-musica\/\" target=\"_blank\" rel=\"noopener\">aqu\u00ed<\/a><\/p>\n<p><strong>Capacitaci\u00f3n en portugu\u00e9s: jueves 15 de mayo<\/strong><br \/>\nVer horarios seg\u00fan pa\u00eds y link inscripci\u00f3n\u00a0<a href=\"http:\/\/staging.ibermusicas.org\/index.php\/music-for-all-e-ibermusicas-oferecem-um-treinamento-gratuito-sobre-acessibilidade-em-concertos-musicais\/\" target=\"_blank\" rel=\"noopener\">aqu\u00ed<\/a><\/p>\n<p>Adem\u00e1s, estamos impulsando la creaci\u00f3n de una red Iberoamericana que conecte empresas, productoras, proyectos y artistas que trabajan en el \u00e1mbito de la accesibilidad y la discapacidad. Para conocer sus propuestas, servicios y desarrollos, pod\u00e9s explorar el Cat\u00e1logo del Sector Musical y filtrar por la categor\u00eda &#8216;Accesibilidad y Discapacidad&#8217;. Si quer\u00e9s formar parte de esta red, pod\u00e9s crear o editar tu perfil directamente en la web de Iberm\u00fasicas.<\/p>\n<p><strong>Iberm\u00fasicas reafirma as\u00ed su compromiso con una Iberoam\u00e9rica donde la accesibilidad cultural funcione como puente esencial para el encuentro, el disfrute y la participaci\u00f3n de todas las personas, en igualdad de oportunidades.<\/strong><\/p>\n<p>Este proyecto ha sido seleccionado como\u00a0<strong>ganador de la 2\u00aa Convocatoria de Proyectos para Programas, Iniciativas y Proyectos de Cooperaci\u00f3n Iberoamericana \u2013 SEGIB.<\/strong><\/p>\n<p><strong>M\u00e1s informaci\u00f3n y acceso a los materiales disponibles\u00a0<a href=\"http:\/\/staging.ibermusicas.org\/index.php\/guia-accesibilidad-inclusion\/\" target=\"_blank\" rel=\"noopener\">aqu\u00ed<\/a><\/strong><\/p>\n","protected":false},"excerpt":{"rendered":"<p>Con el objetivo de fortalecer el derecho de todas las personas a participar plenamente en la vida cultural y en l\u00ednea con la meta 10.2 del Objetivo 10 de la Agenda 2030 para el Desarrollo Sostenible (que busca aumentar y promover la inclusi\u00f3n social, econ\u00f3mica y pol\u00edtica de todas las personas, independientemente de su edad, [&hellip;]<\/p>\n","protected":false},"author":7,"featured_media":22204,"comment_status":"closed","ping_status":"closed","sticky":false,"template":"","format":"standard","meta":{"footnotes":""},"categories":[53,52],"tags":[],"class_list":["post-22181","post","type-post","status-publish","format-standard","has-post-thumbnail","hentry","category-noticias-generales","category-noticias-ibermusicas"],"lang":"es","translations":{"es":22181,"pt":22183},"pll_sync_post":[],"post_mailing_queue_ids":[],"_links":{"self":[{"href":"http:\/\/staging.ibermusicas.org\/index.php\/wp-json\/wp\/v2\/posts\/22181","targetHints":{"allow":["GET"]}}],"collection":[{"href":"http:\/\/staging.ibermusicas.org\/index.php\/wp-json\/wp\/v2\/posts"}],"about":[{"href":"http:\/\/staging.ibermusicas.org\/index.php\/wp-json\/wp\/v2\/types\/post"}],"author":[{"embeddable":true,"href":"http:\/\/staging.ibermusicas.org\/index.php\/wp-json\/wp\/v2\/users\/7"}],"replies":[{"embeddable":true,"href":"http:\/\/staging.ibermusicas.org\/index.php\/wp-json\/wp\/v2\/comments?post=22181"}],"version-history":[{"count":3,"href":"http:\/\/staging.ibermusicas.org\/index.php\/wp-json\/wp\/v2\/posts\/22181\/revisions"}],"predecessor-version":[{"id":22197,"href":"http:\/\/staging.ibermusicas.org\/index.php\/wp-json\/wp\/v2\/posts\/22181\/revisions\/22197"}],"wp:featuredmedia":[{"embeddable":true,"href":"http:\/\/staging.ibermusicas.org\/index.php\/wp-json\/wp\/v2\/media\/22204"}],"wp:attachment":[{"href":"http:\/\/staging.ibermusicas.org\/index.php\/wp-json\/wp\/v2\/media?parent=22181"}],"wp:term":[{"taxonomy":"category","embeddable":true,"href":"http:\/\/staging.ibermusicas.org\/index.php\/wp-json\/wp\/v2\/categories?post=22181"},{"taxonomy":"post_tag","embeddable":true,"href":"http:\/\/staging.ibermusicas.org\/index.php\/wp-json\/wp\/v2\/tags?post=22181"}],"curies":[{"name":"wp","href":"https:\/\/api.w.org\/{rel}","templated":true}]}}