{"id":22183,"date":"2025-04-21T21:22:27","date_gmt":"2025-04-21T21:22:27","guid":{"rendered":"http:\/\/staging.ibermusicas.org\/?p=22183"},"modified":"2025-05-06T12:40:36","modified_gmt":"2025-05-06T12:40:36","slug":"accesibilidad-e-inclusion-cultural-hacia-una-iberoamerica-para-el-disfrute-de-todas-y-todos-2","status":"publish","type":"post","link":"http:\/\/staging.ibermusicas.org\/index.php\/accesibilidad-e-inclusion-cultural-hacia-una-iberoamerica-para-el-disfrute-de-todas-y-todos-2\/","title":{"rendered":"Lan\u00e7amos o projeto \u00abAcessibilidade e Inclus\u00e3o Cultural: Rumo a uma Ibero-Am\u00e9rica que possa ser usufruida por todas e por todos\u00bb!"},"content":{"rendered":"<p>A partir do Iberm\u00fasicas, trabalhamos para garantir o direito de todas as pessoas \u00e0 participa\u00e7\u00e3o plena na vida cultural. Promovemos a inclus\u00e3o de pessoas com defici\u00eancia, a igualdade de g\u00e9nero, a diversidade LGTBI+ e o reconhecimento das comunidades afrodescendentes e ind\u00edgenas.<\/p>\n<p>A acessibilidade \u00e9 um compromisso transversal nas nossas pol\u00edticas, convocat\u00f3rias p\u00fablicas e ferramentas. Cri\u00e1mos um observat\u00f3rio de inclus\u00e3o com indicadores-chave e estamos a adotar as nossas plataformas para garantir uma experi\u00eancia digital verdadeiramente acess\u00edvel.<\/p>\n<p>Em parceria com a @fundacionmusicforall, disponibilizamos manuais e guias did\u00e1ticos para tornar festivais, salas de concerto e palcos mais acess\u00edveis. Todo o material est\u00e1 dispon\u00edvel gratuitamente em espanhol e em portugu\u00eas em nosso site. Confira tamb\u00e9m os cursos de forma\u00e7\u00e3o online!<\/p>\n<p>Al\u00e9m disso, estamos construindo uma Rede Ibero-Americana de Acessibilidade na M\u00fasica, conectando empresas, projetos e artistas que atuam nesta \u00e1rea. Pode fazer parte criando ou editando seu perfil no Cat\u00e1logo do Setor Musical, filtrando por \u201cAcessibilidade e Defici\u00eancia\u201d.<\/p>\n<p>Este projeto foi selecionado pela SEGIB na 2\u00aa Convocat\u00f3ria de Projetos de Coopera\u00e7\u00e3o Ibero-Americana<\/p>\n<p>\u2022 Acesse os materiais, forma\u00e7\u00f5es e informa\u00e7\u00f5es:<br \/>\n<a href=\"http:\/\/staging.ibermusicas.org\/index.php\/guia-de-accesibilidad-e-inclusion-pt\/\">http:\/\/staging.ibermusicas.org\/index.php\/guia-de-accesibilidad-e-inclusion-pt\/<\/a><\/p>\n","protected":false},"excerpt":{"rendered":"<p>A partir do Iberm\u00fasicas, trabalhamos para garantir o direito de todas as pessoas \u00e0 participa\u00e7\u00e3o plena na vida cultural. Promovemos a inclus\u00e3o de pessoas com defici\u00eancia, a igualdade de g\u00e9nero, a diversidade LGTBI+ e o reconhecimento das comunidades afrodescendentes e ind\u00edgenas. A acessibilidade \u00e9 um compromisso transversal nas nossas pol\u00edticas, convocat\u00f3rias p\u00fablicas e ferramentas. Cri\u00e1mos [&hellip;]<\/p>\n","protected":false},"author":7,"featured_media":22353,"comment_status":"closed","ping_status":"closed","sticky":false,"template":"","format":"standard","meta":{"footnotes":""},"categories":[218,220],"tags":[],"class_list":["post-22183","post","type-post","status-publish","format-standard","has-post-thumbnail","hentry","category-noticias-generales-pt","category-noticias-ibermusicas-pt"],"lang":"pt","translations":{"pt":22183,"es":22181},"pll_sync_post":[],"post_mailing_queue_ids":[],"_links":{"self":[{"href":"http:\/\/staging.ibermusicas.org\/index.php\/wp-json\/wp\/v2\/posts\/22183","targetHints":{"allow":["GET"]}}],"collection":[{"href":"http:\/\/staging.ibermusicas.org\/index.php\/wp-json\/wp\/v2\/posts"}],"about":[{"href":"http:\/\/staging.ibermusicas.org\/index.php\/wp-json\/wp\/v2\/types\/post"}],"author":[{"embeddable":true,"href":"http:\/\/staging.ibermusicas.org\/index.php\/wp-json\/wp\/v2\/users\/7"}],"replies":[{"embeddable":true,"href":"http:\/\/staging.ibermusicas.org\/index.php\/wp-json\/wp\/v2\/comments?post=22183"}],"version-history":[{"count":4,"href":"http:\/\/staging.ibermusicas.org\/index.php\/wp-json\/wp\/v2\/posts\/22183\/revisions"}],"predecessor-version":[{"id":22340,"href":"http:\/\/staging.ibermusicas.org\/index.php\/wp-json\/wp\/v2\/posts\/22183\/revisions\/22340"}],"wp:featuredmedia":[{"embeddable":true,"href":"http:\/\/staging.ibermusicas.org\/index.php\/wp-json\/wp\/v2\/media\/22353"}],"wp:attachment":[{"href":"http:\/\/staging.ibermusicas.org\/index.php\/wp-json\/wp\/v2\/media?parent=22183"}],"wp:term":[{"taxonomy":"category","embeddable":true,"href":"http:\/\/staging.ibermusicas.org\/index.php\/wp-json\/wp\/v2\/categories?post=22183"},{"taxonomy":"post_tag","embeddable":true,"href":"http:\/\/staging.ibermusicas.org\/index.php\/wp-json\/wp\/v2\/tags?post=22183"}],"curies":[{"name":"wp","href":"https:\/\/api.w.org\/{rel}","templated":true}]}}