{"id":22185,"date":"2025-04-21T20:42:45","date_gmt":"2025-04-21T20:42:45","guid":{"rendered":"http:\/\/staging.ibermusicas.org\/?p=22185"},"modified":"2025-05-14T21:52:59","modified_gmt":"2025-05-14T21:52:59","slug":"music-for-all-e-ibermusicas-ofrecen-una-capacitacion-gratuita-en-accesibilidad-en-conciertos-de-musica","status":"publish","type":"post","link":"http:\/\/staging.ibermusicas.org\/index.php\/music-for-all-e-ibermusicas-ofrecen-una-capacitacion-gratuita-en-accesibilidad-en-conciertos-de-musica\/","title":{"rendered":"Music for All e Iberm\u00fasicas ofrecen una Capacitaci\u00f3n Gratuita en Accesibilidad en Conciertos de M\u00fasica"},"content":{"rendered":"<p>Iberm\u00fasicas impulsa instancias de formaci\u00f3n que buscan fortalecer las capacidades del sector cultural en materia de inclusi\u00f3n. En colaboraci\u00f3n con la Fundaci\u00f3n Music for All, se llevar\u00e1n a cabo talleres intensivos en modalidad virtual, orientados a brindar herramientas pr\u00e1cticas para que festivales, espacios culturales y profesionales del sector puedan desarrollar e implementar sus propios Planes de Accesibilidad. Estas capacitaciones representan una oportunidad clave para avanzar hacia una cultura verdaderamente inclusiva, con acciones concretas que garanticen la participaci\u00f3n plena de todas las personas, en igualdad de condiciones.<\/p>\n<p>&#8211; Las pautas m\u00e1s importantes para conseguir que todas las personas puedan disfrutar del evento.<br \/>\n&#8211; Qu\u00e9 es y para qu\u00e9 sirve un\u2018Plan de Accesibilidad e Inclusi\u00f3n\u2019.<br \/>\n&#8211; Analizar la cadena de accesibilidad por la que pasa un asistente a un evento y qu\u00e9 medidas de accesibilidad se pueden implementar.<\/p>\n<p>? Fecha: Mi\u00e9rcoles 14 de mayo<\/p>\n<p>9\u00a0\u00a0 hs\u00a0\u00a0 Costa Rica y M\u00e9xico<br \/>\n10 hs\u00a0\u00a0 Colombia, Ecuador, Panam\u00e1 y Per\u00fa<br \/>\n11 hs\u00a0\u00a0 Chile, Cuba y Venezuela<br \/>\n12 hs\u00a0\u00a0 Argentina, Paraguay y Uruguay<br \/>\n17 hs\u00a0\u00a0 Espa\u00f1a<\/p>\n<p>? Lugar: VIRTUAL VIA ZOOM<\/p>\n<p>? Inscripciones: https:\/\/fundacionmusicforall.org\/formacion-internacional\/<\/p>\n<p>? Te llevar\u00e1s un t\u00edtulo certificado de asistencia.<\/p>\n<p>? \u00a1Nos encantar\u00eda que formaras parte!<\/p>\n<p>Esta actividad est\u00e1 organizada por la Fundaci\u00f3n Music for All en alianza con Iberm\u00fasicas a trav\u00e9s del subsidio otorgado por la SEGIB.<\/p>\n","protected":false},"excerpt":{"rendered":"<p>Iberm\u00fasicas impulsa instancias de formaci\u00f3n que buscan fortalecer las capacidades del sector cultural en materia de inclusi\u00f3n. En colaboraci\u00f3n con la Fundaci\u00f3n Music for All, se llevar\u00e1n a cabo talleres intensivos en modalidad virtual, orientados a brindar herramientas pr\u00e1cticas para que festivales, espacios culturales y profesionales del sector puedan desarrollar e implementar sus propios Planes [&hellip;]<\/p>\n","protected":false},"author":7,"featured_media":22198,"comment_status":"closed","ping_status":"closed","sticky":false,"template":"","format":"standard","meta":{"footnotes":""},"categories":[53],"tags":[],"class_list":["post-22185","post","type-post","status-publish","format-standard","has-post-thumbnail","hentry","category-noticias-generales"],"lang":"es","translations":{"es":22185,"pt":22191},"pll_sync_post":[],"post_mailing_queue_ids":[],"_links":{"self":[{"href":"http:\/\/staging.ibermusicas.org\/index.php\/wp-json\/wp\/v2\/posts\/22185","targetHints":{"allow":["GET"]}}],"collection":[{"href":"http:\/\/staging.ibermusicas.org\/index.php\/wp-json\/wp\/v2\/posts"}],"about":[{"href":"http:\/\/staging.ibermusicas.org\/index.php\/wp-json\/wp\/v2\/types\/post"}],"author":[{"embeddable":true,"href":"http:\/\/staging.ibermusicas.org\/index.php\/wp-json\/wp\/v2\/users\/7"}],"replies":[{"embeddable":true,"href":"http:\/\/staging.ibermusicas.org\/index.php\/wp-json\/wp\/v2\/comments?post=22185"}],"version-history":[{"count":2,"href":"http:\/\/staging.ibermusicas.org\/index.php\/wp-json\/wp\/v2\/posts\/22185\/revisions"}],"predecessor-version":[{"id":22190,"href":"http:\/\/staging.ibermusicas.org\/index.php\/wp-json\/wp\/v2\/posts\/22185\/revisions\/22190"}],"wp:featuredmedia":[{"embeddable":true,"href":"http:\/\/staging.ibermusicas.org\/index.php\/wp-json\/wp\/v2\/media\/22198"}],"wp:attachment":[{"href":"http:\/\/staging.ibermusicas.org\/index.php\/wp-json\/wp\/v2\/media?parent=22185"}],"wp:term":[{"taxonomy":"category","embeddable":true,"href":"http:\/\/staging.ibermusicas.org\/index.php\/wp-json\/wp\/v2\/categories?post=22185"},{"taxonomy":"post_tag","embeddable":true,"href":"http:\/\/staging.ibermusicas.org\/index.php\/wp-json\/wp\/v2\/tags?post=22185"}],"curies":[{"name":"wp","href":"https:\/\/api.w.org\/{rel}","templated":true}]}}