{"id":22191,"date":"2025-04-21T21:00:44","date_gmt":"2025-04-21T21:00:44","guid":{"rendered":"http:\/\/staging.ibermusicas.org\/?p=22191"},"modified":"2025-05-14T21:50:22","modified_gmt":"2025-05-14T21:50:22","slug":"music-for-all-e-ibermusicas-oferecem-um-treinamento-gratuito-sobre-acessibilidade-em-concertos-musicais","status":"publish","type":"post","link":"http:\/\/staging.ibermusicas.org\/index.php\/music-for-all-e-ibermusicas-oferecem-um-treinamento-gratuito-sobre-acessibilidade-em-concertos-musicais\/","title":{"rendered":"Music for All e Iberm\u00fasicas oferecem uma forma\u00e7\u00e3o gratuita sobre Acessibilidade em Concertos Musicais"},"content":{"rendered":"<p>O Programa Iberm\u00fasicas promove iniciativas de forma\u00e7\u00e3o que buscam fortalecer as capacidades do setor cultural em termos de inclus\u00e3o. Em colabora\u00e7\u00e3o com a Funda\u00e7\u00e3o Music for All, ser\u00e3o realizados workshops virtuais intensivos para fornecer ferramentas pr\u00e1ticas para que festivais, espa\u00e7os culturais e profissionais do setor desenvolvam e implementem seus pr\u00f3prios Planos de Acessibilidade. Essas a\u00e7\u00f5es de forma\u00e7\u00e3o e de capacita\u00e7\u00e3o representam uma oportunidade fundamental para avan\u00e7ar em dire\u00e7\u00e3o a uma cultura verdadeiramente inclusiva, com a\u00e7\u00f5es concretas que garantam a participa\u00e7\u00e3o plena de todas as pessoas, em condi\u00e7\u00f5es de igualdade.<\/p>\n<p>\u2022 As diretrizes mais importantes para garantir que todas as pessoas possam usufruir do evento.<br \/>\n\u2022 O que \u00e9 e para que serve um \u2018Plano de Acessibilidade e Inclus\u00e3o\u2019.<br \/>\n\u2022 An\u00e1lise da cadeia de acessibilidade pela qual passa uma pessoa participante de um evento e quais medidas que podem ser implementadas.<\/p>\n<p>? Data: 15 de maio<\/p>\n<p>12 hs \u00a0\u00a0Brasil<br \/>\n14 hs\u00a0\u00a0 Cabo Verde<br \/>\n15 hs\u00a0\u00a0 Guin\u00e9-Bissau e S\u00e3o Tom\u00e9 e Pr\u00edncipe<br \/>\n16 hs\u00a0\u00a0 Angola, Guin\u00e9 Equatorial e Portugal<br \/>\n17 hs\u00a0\u00a0 Mo\u00e7ambique<br \/>\n24 hs\u00a0\u00a0 Timor-Leste<\/p>\n<p>? Local: VIRTUAL VIA ZOOM (O treinamento ser\u00e1 ministrado em espanhol e legendado em portugu\u00eas em tempo real)<\/p>\n<p>?\u00a0Inscri\u00e7\u00f5es:\u00a0<a href=\"https:\/\/fundacionmusicforall.org\/formacion-internacional\/\">https:\/\/fundacionmusicforall.org\/formacion-internacional\/<\/a><\/p>\n<p>? Voc\u00ea receber\u00e1 um certificado de participa\u00e7\u00e3o.<\/p>\n<p>?\u00a0Adorar\u00edamos contar com a sua presen\u00e7a!<\/p>\n<p>Esta atividade \u00e9 organizada pela Funda\u00e7\u00e3o Music For All em parceria com o Iberm\u00fasicas, por meio do subs\u00eddio concedido pela SEGIB.<\/p>\n","protected":false},"excerpt":{"rendered":"<p>O Programa Iberm\u00fasicas promove iniciativas de forma\u00e7\u00e3o que buscam fortalecer as capacidades do setor cultural em termos de inclus\u00e3o. Em colabora\u00e7\u00e3o com a Funda\u00e7\u00e3o Music for All, ser\u00e3o realizados workshops virtuais intensivos para fornecer ferramentas pr\u00e1ticas para que festivais, espa\u00e7os culturais e profissionais do setor desenvolvam e implementem seus pr\u00f3prios Planos de Acessibilidade. Essas a\u00e7\u00f5es [&hellip;]<\/p>\n","protected":false},"author":7,"featured_media":22354,"comment_status":"closed","ping_status":"closed","sticky":false,"template":"","format":"standard","meta":{"footnotes":""},"categories":[218],"tags":[],"class_list":["post-22191","post","type-post","status-publish","format-standard","has-post-thumbnail","hentry","category-noticias-generales-pt"],"lang":"pt","translations":{"pt":22191,"es":22185},"pll_sync_post":[],"post_mailing_queue_ids":[],"_links":{"self":[{"href":"http:\/\/staging.ibermusicas.org\/index.php\/wp-json\/wp\/v2\/posts\/22191","targetHints":{"allow":["GET"]}}],"collection":[{"href":"http:\/\/staging.ibermusicas.org\/index.php\/wp-json\/wp\/v2\/posts"}],"about":[{"href":"http:\/\/staging.ibermusicas.org\/index.php\/wp-json\/wp\/v2\/types\/post"}],"author":[{"embeddable":true,"href":"http:\/\/staging.ibermusicas.org\/index.php\/wp-json\/wp\/v2\/users\/7"}],"replies":[{"embeddable":true,"href":"http:\/\/staging.ibermusicas.org\/index.php\/wp-json\/wp\/v2\/comments?post=22191"}],"version-history":[{"count":3,"href":"http:\/\/staging.ibermusicas.org\/index.php\/wp-json\/wp\/v2\/posts\/22191\/revisions"}],"predecessor-version":[{"id":22355,"href":"http:\/\/staging.ibermusicas.org\/index.php\/wp-json\/wp\/v2\/posts\/22191\/revisions\/22355"}],"wp:featuredmedia":[{"embeddable":true,"href":"http:\/\/staging.ibermusicas.org\/index.php\/wp-json\/wp\/v2\/media\/22354"}],"wp:attachment":[{"href":"http:\/\/staging.ibermusicas.org\/index.php\/wp-json\/wp\/v2\/media?parent=22191"}],"wp:term":[{"taxonomy":"category","embeddable":true,"href":"http:\/\/staging.ibermusicas.org\/index.php\/wp-json\/wp\/v2\/categories?post=22191"},{"taxonomy":"post_tag","embeddable":true,"href":"http:\/\/staging.ibermusicas.org\/index.php\/wp-json\/wp\/v2\/tags?post=22191"}],"curies":[{"name":"wp","href":"https:\/\/api.w.org\/{rel}","templated":true}]}}