{"id":22263,"date":"2025-04-28T17:47:20","date_gmt":"2025-04-28T17:47:20","guid":{"rendered":"http:\/\/staging.ibermusicas.org\/?p=22263"},"modified":"2025-05-14T13:28:26","modified_gmt":"2025-05-14T13:28:26","slug":"ibermusicas-participa-de-la-semana-de-la-cultura-de-la-comunidad-de-paises-de-lengua-portuguesa-en-santo-tome-y-principe","status":"publish","type":"post","link":"http:\/\/staging.ibermusicas.org\/index.php\/ibermusicas-participa-de-la-semana-de-la-cultura-de-la-comunidad-de-paises-de-lengua-portuguesa-en-santo-tome-y-principe\/","title":{"rendered":"Iberm\u00fasicas participa de la Semana de la Cultura de la Comunidad de Pa\u00edses de Lengua Portuguesa en Santo Tom\u00e9 y Pr\u00edncipe"},"content":{"rendered":"<p>Eul\u00edcia Est\u00e9ves, Presidenta del Programa Iberm\u00fasicas, participar\u00e1 de la Semana de la Cultura de la Comunidad de Pa\u00edses de Lengua Portuguesa que se realizar\u00e1 en Santo Tom\u00e9 y Pr\u00edncipe, en tanto Capital de la Cultura de la CPLP 2025.<\/p>\n<p>&nbsp;<\/p>\n<p>M\u00fasica, cultura, lengua y cooperaci\u00f3n son conceptos que nos unen profundamente. Tras el acuerdo de colaboraci\u00f3n firmado entre la CPLP y el Programa Iberm\u00fasicas, se han profundizado los v\u00ednculos de cooperaci\u00f3n intercontinentales. La presencia de la presidenta de nuestro programa en este importante encuentro de la Comunidad de Pa\u00edses de Lengua Portuguesa tiene por objeto continuar ahondando en esta colaboraci\u00f3n en beneficio de las y los artistas musicales de la regi\u00f3n iberoamericana y de todos los pa\u00edses de lengua portuguesa..<\/p>\n<p>&nbsp;<\/p>\n<p>La cooperaci\u00f3n entre Iberm\u00fasicas y la CPLP marc\u00f3 el inicio de la creaci\u00f3n de nuevas pol\u00edticas p\u00fablicas que generaran nuevas oportunidades para los m\u00fasicos de los pa\u00edses de habla portuguesa. La primera propuesta fue la exitosa convocatoria dirigida a proyectos de circulaci\u00f3n y residencias art\u00edsticas para artistas musicales de Angola, Cabo Verde, Guinea-Bissau, Guinea Ecuatorial, Mozambique, Santo Tom\u00e9 y Pr\u00edncipe y Timor Oriental. Fueron premiados seis proyectos que ya se encuentran en realizaci\u00f3n. La convocatoria tendr\u00e1 su segunda edici\u00f3n durante 2025.<\/p>\n<p>&nbsp;<\/p>\n<ul>\n<li>Del 5 al 7 de mayo en Santo Tom\u00e9 y Pr\u00edncipe<\/li>\n<\/ul>\n","protected":false},"excerpt":{"rendered":"<p>Eul\u00edcia Est\u00e9ves, Presidenta del Programa Iberm\u00fasicas, participar\u00e1 de la Semana de la Cultura de la Comunidad de Pa\u00edses de Lengua Portuguesa que se realizar\u00e1 en Santo Tom\u00e9 y Pr\u00edncipe, en tanto Capital de la Cultura de la CPLP 2025. &nbsp; M\u00fasica, cultura, lengua y cooperaci\u00f3n son conceptos que nos unen profundamente. Tras el acuerdo de [&hellip;]<\/p>\n","protected":false},"author":7,"featured_media":22264,"comment_status":"closed","ping_status":"closed","sticky":false,"template":"","format":"standard","meta":{"footnotes":""},"categories":[53],"tags":[],"class_list":["post-22263","post","type-post","status-publish","format-standard","has-post-thumbnail","hentry","category-noticias-generales"],"lang":"es","translations":{"es":22263},"pll_sync_post":[],"post_mailing_queue_ids":[],"_links":{"self":[{"href":"http:\/\/staging.ibermusicas.org\/index.php\/wp-json\/wp\/v2\/posts\/22263","targetHints":{"allow":["GET"]}}],"collection":[{"href":"http:\/\/staging.ibermusicas.org\/index.php\/wp-json\/wp\/v2\/posts"}],"about":[{"href":"http:\/\/staging.ibermusicas.org\/index.php\/wp-json\/wp\/v2\/types\/post"}],"author":[{"embeddable":true,"href":"http:\/\/staging.ibermusicas.org\/index.php\/wp-json\/wp\/v2\/users\/7"}],"replies":[{"embeddable":true,"href":"http:\/\/staging.ibermusicas.org\/index.php\/wp-json\/wp\/v2\/comments?post=22263"}],"version-history":[{"count":1,"href":"http:\/\/staging.ibermusicas.org\/index.php\/wp-json\/wp\/v2\/posts\/22263\/revisions"}],"predecessor-version":[{"id":22265,"href":"http:\/\/staging.ibermusicas.org\/index.php\/wp-json\/wp\/v2\/posts\/22263\/revisions\/22265"}],"wp:featuredmedia":[{"embeddable":true,"href":"http:\/\/staging.ibermusicas.org\/index.php\/wp-json\/wp\/v2\/media\/22264"}],"wp:attachment":[{"href":"http:\/\/staging.ibermusicas.org\/index.php\/wp-json\/wp\/v2\/media?parent=22263"}],"wp:term":[{"taxonomy":"category","embeddable":true,"href":"http:\/\/staging.ibermusicas.org\/index.php\/wp-json\/wp\/v2\/categories?post=22263"},{"taxonomy":"post_tag","embeddable":true,"href":"http:\/\/staging.ibermusicas.org\/index.php\/wp-json\/wp\/v2\/tags?post=22263"}],"curies":[{"name":"wp","href":"https:\/\/api.w.org\/{rel}","templated":true}]}}