{"id":22266,"date":"2025-04-28T17:52:27","date_gmt":"2025-04-28T17:52:27","guid":{"rendered":"http:\/\/staging.ibermusicas.org\/?p=22266"},"modified":"2025-05-14T13:28:34","modified_gmt":"2025-05-14T13:28:34","slug":"ibermusicas-participa-da-semana-da-cultura-da-comunidade-dos-paises-de-lingua-portuguesa-em-sao-tome-e-principe","status":"publish","type":"post","link":"http:\/\/staging.ibermusicas.org\/index.php\/ibermusicas-participa-da-semana-da-cultura-da-comunidade-dos-paises-de-lingua-portuguesa-em-sao-tome-e-principe\/","title":{"rendered":"Iberm\u00fasicas participa da Semana da Cultura da Comunidade dos Pa\u00edses de L\u00edngua Portuguesa em S\u00e3o Tom\u00e9 e Pr\u00edncipe"},"content":{"rendered":"<p>Eul\u00edcia Est\u00e9ves, presidente do Programa Iberm\u00fasicas, vai participar da Semana da Cultura da Comunidade dos Pa\u00edses de L\u00edngua Portuguesa, que ir\u00e1 ocorrer em S\u00e3o Tom\u00e9 e Pr\u00edncipe, enquanto Capital da Cultura da CPLP 2025.<\/p>\n<p>M\u00fasica, cultura, l\u00edngua e coopera\u00e7\u00e3o s\u00e3o conceitos que nos unem profundamente. Ap\u00f3s o acordo de colabora\u00e7\u00e3o assinado entre a CPLP e o Programa Iberm\u00fasicas, os la\u00e7os de coopera\u00e7\u00e3o intercontinental foram aprofundados. A presen\u00e7a da presidente do nosso programa neste importante encontro da Comunidade dos Pa\u00edses de L\u00edngua Portuguesa tem como objetivo robustecer esta colabora\u00e7\u00e3o em benef\u00edcio das artistas e dos artistas musicais da regi\u00e3o ibero-americana e de todos os pa\u00edses de l\u00edngua portuguesa.<\/p>\n<p>A coopera\u00e7\u00e3o entre o Programa Iberm\u00fasicas e a CPLP marcou o in\u00edcio da cria\u00e7\u00e3o de novas pol\u00edticas p\u00fablicas que geraram novas oportunidades para os m\u00fasicos dos pa\u00edses de l\u00edngua portuguesa. A primeira proposta foi a bem-sucedida convocat\u00f3ria dirigida a projetos de circula\u00e7\u00e3o e resid\u00eancias art\u00edsticas para artistas musicais de Angola, Cabo Verde, Guin\u00e9-Bissau, Guin\u00e9 Equatorial, Mo\u00e7ambique, S\u00e3o Tom\u00e9 e Pr\u00edncipe e Timor-Leste. Foram premiados seis projetos que j\u00e1 est\u00e3o em realiza\u00e7\u00e3o. A convocat\u00f3ria ter\u00e1 sua segunda edi\u00e7\u00e3o em 2025.<\/p>\n<p>&nbsp;<\/p>\n<p>\u2022 De 5 a 7 de maio em S\u00e3o Tom\u00e9 e Pr\u00edncipe<\/p>\n","protected":false},"excerpt":{"rendered":"<p>Eul\u00edcia Est\u00e9ves, presidente do Programa Iberm\u00fasicas, vai participar da Semana da Cultura da Comunidade dos Pa\u00edses de L\u00edngua Portuguesa, que ir\u00e1 ocorrer em S\u00e3o Tom\u00e9 e Pr\u00edncipe, enquanto Capital da Cultura da CPLP 2025. M\u00fasica, cultura, l\u00edngua e coopera\u00e7\u00e3o s\u00e3o conceitos que nos unem profundamente. Ap\u00f3s o acordo de colabora\u00e7\u00e3o assinado entre a CPLP e [&hellip;]<\/p>\n","protected":false},"author":7,"featured_media":22267,"comment_status":"closed","ping_status":"closed","sticky":false,"template":"","format":"standard","meta":{"footnotes":""},"categories":[218],"tags":[],"class_list":["post-22266","post","type-post","status-publish","format-standard","has-post-thumbnail","hentry","category-noticias-generales-pt"],"lang":"pt","translations":{"pt":22266},"pll_sync_post":[],"post_mailing_queue_ids":[],"_links":{"self":[{"href":"http:\/\/staging.ibermusicas.org\/index.php\/wp-json\/wp\/v2\/posts\/22266","targetHints":{"allow":["GET"]}}],"collection":[{"href":"http:\/\/staging.ibermusicas.org\/index.php\/wp-json\/wp\/v2\/posts"}],"about":[{"href":"http:\/\/staging.ibermusicas.org\/index.php\/wp-json\/wp\/v2\/types\/post"}],"author":[{"embeddable":true,"href":"http:\/\/staging.ibermusicas.org\/index.php\/wp-json\/wp\/v2\/users\/7"}],"replies":[{"embeddable":true,"href":"http:\/\/staging.ibermusicas.org\/index.php\/wp-json\/wp\/v2\/comments?post=22266"}],"version-history":[{"count":2,"href":"http:\/\/staging.ibermusicas.org\/index.php\/wp-json\/wp\/v2\/posts\/22266\/revisions"}],"predecessor-version":[{"id":22341,"href":"http:\/\/staging.ibermusicas.org\/index.php\/wp-json\/wp\/v2\/posts\/22266\/revisions\/22341"}],"wp:featuredmedia":[{"embeddable":true,"href":"http:\/\/staging.ibermusicas.org\/index.php\/wp-json\/wp\/v2\/media\/22267"}],"wp:attachment":[{"href":"http:\/\/staging.ibermusicas.org\/index.php\/wp-json\/wp\/v2\/media?parent=22266"}],"wp:term":[{"taxonomy":"category","embeddable":true,"href":"http:\/\/staging.ibermusicas.org\/index.php\/wp-json\/wp\/v2\/categories?post=22266"},{"taxonomy":"post_tag","embeddable":true,"href":"http:\/\/staging.ibermusicas.org\/index.php\/wp-json\/wp\/v2\/tags?post=22266"}],"curies":[{"name":"wp","href":"https:\/\/api.w.org\/{rel}","templated":true}]}}