{"id":22270,"date":"2025-04-28T18:32:07","date_gmt":"2025-04-28T18:32:07","guid":{"rendered":"http:\/\/staging.ibermusicas.org\/?p=22270"},"modified":"2025-06-03T15:57:54","modified_gmt":"2025-06-03T15:57:54","slug":"el-michael-pipoquinha-quarteto-de-brasil-comienza-su-gira-euro-spring-tour-2025","status":"publish","type":"post","link":"http:\/\/staging.ibermusicas.org\/index.php\/el-michael-pipoquinha-quarteto-de-brasil-comienza-su-gira-euro-spring-tour-2025\/","title":{"rendered":"El Michael Pipoquinha Quarteto de Brasil comienza su gira Euro Spring Tour 2025"},"content":{"rendered":"<p>Tras una d\u00e9cada de conciertos y grabaciones por Europa, tocando con m\u00fasicos y bandas locales, el bajista cearense Michael Pipoquinha prepara por primera vez una gira con su banda titular de Brasil, la misma con la que grab\u00f3 su \u00faltimo \u00e1lbum, \u00abUm Novo Tom\u00bb, en 2023. Gracias al apoyo del programa Iberm\u00fasicas, ser\u00e1 posible llevar a su cuarteto completo directamente desde Brasil a Europa.<\/p>\n<p>&nbsp;<\/p>\n<p>Michael Pipoquinha es una de esas joyas raras que surgen de vez en cuando en el mundo art\u00edstico. Nacido en el interior de Cear\u00e1, comenz\u00f3 a tocar la guitarra a los 7 a\u00f1os y, poco despu\u00e9s, se pas\u00f3 al contrabajo, influenciado por su padre, tambi\u00e9n contrabajista. A los 12 a\u00f1os ya se presentaba profesionalmente, y su primera gran aparici\u00f3n p\u00fablica tuvo lugar a los 13 a\u00f1os en un programa de la cadena Rede Globo.<\/p>\n<p>&nbsp;<\/p>\n<p>Desde entonces, sus v\u00eddeos en Internet han atra\u00eddo millones de visitas, lo que le ha llevado a actuar en festivales de todo Brasil y a ganar reconocimiento en escenarios internacionales de Sudam\u00e9rica, Norteam\u00e9rica, Europa, Asia y \u00c1frica. Su talento llam\u00f3 la atenci\u00f3n de m\u00fasicos de renombre en todo el mundo. En enero de 2024, el c\u00e9lebre contrabajista Victor Wooten afirm\u00f3 que Michael Pipoquinha, ahora con 28 a\u00f1os, est\u00e1 en la cima de la pir\u00e1mide de los grandes m\u00fasicos de contrabajo, compar\u00e1ndolo con iconos como James Jamerson, Larry Graham, Jaco Pastorius y Stanley Clarke.<\/p>\n<p>&nbsp;<\/p>\n<p>El repertorio de esta gira incluir\u00e1 obras propias de su \u00e1lbum instrumental \u00abUm Novo Tom\u00bb y de su pr\u00f3ximo \u00e1lbum, que se lanzar\u00e1 en 2025, adem\u00e1s de cl\u00e1sicos del jazz y de la m\u00fasica brasile\u00f1a. La actuaci\u00f3n es un verdadero viaje multicultural, que explora diferentes g\u00e9neros como el be-bop, el groove, el soul, la balada y la world music, entre otros.<\/p>\n<p>&nbsp;<\/p>\n<p>Los m\u00fasicos que le acompa\u00f1ar\u00e1n son nombres destacados del panorama musical brasile\u00f1o y han participado activamente en la grabaci\u00f3n y elaboraci\u00f3n de los arreglos de los \u00e1lbumes. La banda est\u00e1 compuesta por Renato Galv Santos (bater\u00eda), Thiago Almeida (teclados) y Josu\u00e9 L\u00f3pez (vientos). Juntos, aportan no solo una gran competencia t\u00e9cnica, sino tambi\u00e9n la expresi\u00f3n de la diversidad cultural de Brasil, contribuyendo a una representaci\u00f3n art\u00edstica genuina en el di\u00e1logo con otras culturas.<\/p>\n<p>La gira se centrar\u00e1 en la trayectoria de Michael Pipoquinha, destacando sus influencias y su identidad como joven m\u00fasico negro comprometido con la construcci\u00f3n de puentes entre culturas.<\/p>\n<p>&nbsp;<\/p>\n<p>Esta gira de Michael Pipoquinha es posible gracias al apoyo de Iberm\u00fasicas, a trav\u00e9s de su l\u00ednea \u00abApoyo a la circulaci\u00f3n de profesionales de la m\u00fasica\u00bb, convocatoria 2024.<\/p>\n<p>&nbsp;<\/p>\n<ul>\n<li>2 de mayo, 20:30 h: La Spirale, Friburgo, Suiza<\/li>\n<li>3 de mayo, 21:45 h: La Parenth\u00e8se, Nyon, Suiza<\/li>\n<li>4 de mayo, 17:30 h: Musig im Pflegidach, Muri, Suiza<\/li>\n<\/ul>\n","protected":false},"excerpt":{"rendered":"<p>Tras una d\u00e9cada de conciertos y grabaciones por Europa, tocando con m\u00fasicos y bandas locales, el bajista cearense Michael Pipoquinha prepara por primera vez una gira con su banda titular de Brasil, la misma con la que grab\u00f3 su \u00faltimo \u00e1lbum, \u00abUm Novo Tom\u00bb, en 2023. Gracias al apoyo del programa Iberm\u00fasicas, ser\u00e1 posible llevar [&hellip;]<\/p>\n","protected":false},"author":7,"featured_media":22271,"comment_status":"closed","ping_status":"closed","sticky":false,"template":"","format":"standard","meta":{"footnotes":""},"categories":[53],"tags":[],"class_list":["post-22270","post","type-post","status-publish","format-standard","has-post-thumbnail","hentry","category-noticias-generales"],"lang":"es","translations":{"es":22270,"pt":22273},"pll_sync_post":[],"post_mailing_queue_ids":[],"_links":{"self":[{"href":"http:\/\/staging.ibermusicas.org\/index.php\/wp-json\/wp\/v2\/posts\/22270","targetHints":{"allow":["GET"]}}],"collection":[{"href":"http:\/\/staging.ibermusicas.org\/index.php\/wp-json\/wp\/v2\/posts"}],"about":[{"href":"http:\/\/staging.ibermusicas.org\/index.php\/wp-json\/wp\/v2\/types\/post"}],"author":[{"embeddable":true,"href":"http:\/\/staging.ibermusicas.org\/index.php\/wp-json\/wp\/v2\/users\/7"}],"replies":[{"embeddable":true,"href":"http:\/\/staging.ibermusicas.org\/index.php\/wp-json\/wp\/v2\/comments?post=22270"}],"version-history":[{"count":1,"href":"http:\/\/staging.ibermusicas.org\/index.php\/wp-json\/wp\/v2\/posts\/22270\/revisions"}],"predecessor-version":[{"id":22272,"href":"http:\/\/staging.ibermusicas.org\/index.php\/wp-json\/wp\/v2\/posts\/22270\/revisions\/22272"}],"wp:featuredmedia":[{"embeddable":true,"href":"http:\/\/staging.ibermusicas.org\/index.php\/wp-json\/wp\/v2\/media\/22271"}],"wp:attachment":[{"href":"http:\/\/staging.ibermusicas.org\/index.php\/wp-json\/wp\/v2\/media?parent=22270"}],"wp:term":[{"taxonomy":"category","embeddable":true,"href":"http:\/\/staging.ibermusicas.org\/index.php\/wp-json\/wp\/v2\/categories?post=22270"},{"taxonomy":"post_tag","embeddable":true,"href":"http:\/\/staging.ibermusicas.org\/index.php\/wp-json\/wp\/v2\/tags?post=22270"}],"curies":[{"name":"wp","href":"https:\/\/api.w.org\/{rel}","templated":true}]}}