{"id":22273,"date":"2025-04-28T18:33:35","date_gmt":"2025-04-28T18:33:35","guid":{"rendered":"http:\/\/staging.ibermusicas.org\/?p=22273"},"modified":"2025-06-03T16:22:38","modified_gmt":"2025-06-03T16:22:38","slug":"o-michael-pipoquinha-quarteto-do-brasil-comeca-sua-turne-euro-spring-tour-2025","status":"publish","type":"post","link":"http:\/\/staging.ibermusicas.org\/index.php\/o-michael-pipoquinha-quarteto-do-brasil-comeca-sua-turne-euro-spring-tour-2025\/","title":{"rendered":"O Michael Pipoquinha Quarteto do Brasil, come\u00e7a sua turn\u00ea Euro Spring Tour 2025"},"content":{"rendered":"<p>Ap\u00f3s uma d\u00e9cada de shows e grava\u00e7\u00f5es pela Europa, tocando com m\u00fasicos e bandas locais, pela primeira vez o baixista cearence Michael Pipoquinha prepara uma turn\u00ea com a sua banda titular do Brasil, a mesma com a qual gravou seu \u00faltimo \u00e1lbum \u201cUm Novo Tom\u201d, em 2023. Gra\u00e7as ao suporte do programa Iberm\u00fasicas, ser\u00e1 poss\u00edvel levar o seu quarteto completo diretamente do Brasil no m\u00eas de maio.<\/p>\n<p>&nbsp;<\/p>\n<p>Michael Pipoquinha \u00e9 uma daquelas joias raras que surgem de tempos em tempos no mundo art\u00edstico. Nascido no interior do Cear\u00e1, come\u00e7ou a tocar viol\u00e3o aos 7 anos e, logo em seguida, migrou para o contrabaixo, influenciado por seu pai, tamb\u00e9m contrabaixista. Aos 12 anos, j\u00e1 se apresentava profissionalmente, e sua primeira grande apari\u00e7\u00e3o p\u00fablica ocorreu aos 13 anos em um programa da Rede Globo.<\/p>\n<p>&nbsp;<\/p>\n<p>Desde ent\u00e3o, seus v\u00eddeos na internet passaram a atrair milh\u00f5es de visualiza\u00e7\u00f5es, levando-o a se apresentar em festivais por todo o Brasil e a conquistar reconhecimento em palcos internacionais na Am\u00e9rica do Sul, Am\u00e9rica do Norte, Europa, \u00c1sia e \u00c1frica. O seu talento chamou a aten\u00e7\u00e3o de m\u00fasicos renomados em todo o mundo. Em janeiro de 2024, o c\u00e9lebre contrabaixista Victor Wooten afirmou que Michael Pipoquinha, agora com 28 anos, est\u00e1 no topo da pir\u00e2mide dos grandes m\u00fasicos de contrabaixo, comparando-o a \u00edcones como James Jamerson, Larry Graham, Jaco Pastorius e Stanley Clarke.<\/p>\n<p>&nbsp;<\/p>\n<p>O repert\u00f3rio desta turn\u00ea incluir\u00e1 obras autorais de seu \u00e1lbum instrumental \u00abUm Novo Tom\u00bb e do pr\u00f3ximo \u00e1lbum, a ser lan\u00e7ado em 2025, al\u00e9m de cl\u00e1ssicos do jazz e da m\u00fasica brasileira. A performance \u00e9 uma verdadeira viagem multicultural, explorando diferentes g\u00eaneros como Be-bop, Groove, Soul, Balada, World Music, entre outros.<\/p>\n<p>&nbsp;<\/p>\n<p>Os m\u00fasicos que o acompanhar\u00e3o s\u00e3o nomes de destaque no cen\u00e1rio musical brasileiro e participaram ativamente na grava\u00e7\u00e3o e elabora\u00e7\u00e3o dos arranjos dos \u00e1lbuns. A banda \u00e9 composta por Renato Galv Santos (bateria), Thiago Almeida (teclados) e Josu\u00e9 Lopez (sopros). Juntos, eles trazem n\u00e3o s\u00f3 uma alta compet\u00eancia t\u00e9cnica, mas tamb\u00e9m a express\u00e3o da diversidade cultural do Brasil, contribuindo para uma representatividade art\u00edstica genu\u00edna em di\u00e1logos com outras culturas.<\/p>\n<p>&nbsp;<\/p>\n<p>A turn\u00ea ser\u00e1 focada na trajet\u00f3ria de Michael Pipoquinha, destacando suas influ\u00eancias e sua identidade como um jovem m\u00fasico negro, comprometido com a constru\u00e7\u00e3o de pontes entre culturas.<\/p>\n<p>&nbsp;<\/p>\n<p>Esta turn\u00ea de Michael Pipoquinha \u00e9 poss\u00edvel gra\u00e7as ao apoio do Iberm\u00fasicas, por meio de sua linha de \u201cApoio \u00e0 circula\u00e7\u00e3o de profissionais da m\u00fasica\u201d, chamada 2024.<\/p>\n<p>&nbsp;<\/p>\n<ul>\n<li>2 de maio, 20h30: La Spirale, Fribourg, Sui\u00e7a<\/li>\n<li>3 de maio, 21h45: La Parenth\u00e8se, Nyon, Sui\u00e7a<\/li>\n<li>4 de maio, 17h30: Musig im Pflegidach, Muri, Sui\u00e7a<\/li>\n<\/ul>\n","protected":false},"excerpt":{"rendered":"<p>Ap\u00f3s uma d\u00e9cada de shows e grava\u00e7\u00f5es pela Europa, tocando com m\u00fasicos e bandas locais, pela primeira vez o baixista cearence Michael Pipoquinha prepara uma turn\u00ea com a sua banda titular do Brasil, a mesma com a qual gravou seu \u00faltimo \u00e1lbum \u201cUm Novo Tom\u201d, em 2023. Gra\u00e7as ao suporte do programa Iberm\u00fasicas, ser\u00e1 poss\u00edvel [&hellip;]<\/p>\n","protected":false},"author":7,"featured_media":22271,"comment_status":"closed","ping_status":"closed","sticky":false,"template":"","format":"standard","meta":{"footnotes":""},"categories":[218],"tags":[],"class_list":["post-22273","post","type-post","status-publish","format-standard","has-post-thumbnail","hentry","category-noticias-generales-pt"],"lang":"pt","translations":{"pt":22273,"es":22270},"pll_sync_post":[],"post_mailing_queue_ids":[],"_links":{"self":[{"href":"http:\/\/staging.ibermusicas.org\/index.php\/wp-json\/wp\/v2\/posts\/22273","targetHints":{"allow":["GET"]}}],"collection":[{"href":"http:\/\/staging.ibermusicas.org\/index.php\/wp-json\/wp\/v2\/posts"}],"about":[{"href":"http:\/\/staging.ibermusicas.org\/index.php\/wp-json\/wp\/v2\/types\/post"}],"author":[{"embeddable":true,"href":"http:\/\/staging.ibermusicas.org\/index.php\/wp-json\/wp\/v2\/users\/7"}],"replies":[{"embeddable":true,"href":"http:\/\/staging.ibermusicas.org\/index.php\/wp-json\/wp\/v2\/comments?post=22273"}],"version-history":[{"count":1,"href":"http:\/\/staging.ibermusicas.org\/index.php\/wp-json\/wp\/v2\/posts\/22273\/revisions"}],"predecessor-version":[{"id":22274,"href":"http:\/\/staging.ibermusicas.org\/index.php\/wp-json\/wp\/v2\/posts\/22273\/revisions\/22274"}],"wp:featuredmedia":[{"embeddable":true,"href":"http:\/\/staging.ibermusicas.org\/index.php\/wp-json\/wp\/v2\/media\/22271"}],"wp:attachment":[{"href":"http:\/\/staging.ibermusicas.org\/index.php\/wp-json\/wp\/v2\/media?parent=22273"}],"wp:term":[{"taxonomy":"category","embeddable":true,"href":"http:\/\/staging.ibermusicas.org\/index.php\/wp-json\/wp\/v2\/categories?post=22273"},{"taxonomy":"post_tag","embeddable":true,"href":"http:\/\/staging.ibermusicas.org\/index.php\/wp-json\/wp\/v2\/tags?post=22273"}],"curies":[{"name":"wp","href":"https:\/\/api.w.org\/{rel}","templated":true}]}}