{"id":22275,"date":"2025-04-28T18:42:13","date_gmt":"2025-04-28T18:42:13","guid":{"rendered":"http:\/\/staging.ibermusicas.org\/?p=22275"},"modified":"2025-06-03T15:57:47","modified_gmt":"2025-06-03T15:57:47","slug":"categal-de-ecuador-llega-a-la-feria-nacional-de-san-marcos-en-mexico","status":"publish","type":"post","link":"http:\/\/staging.ibermusicas.org\/index.php\/categal-de-ecuador-llega-a-la-feria-nacional-de-san-marcos-en-mexico\/","title":{"rendered":"Categal de Ecuador llega a la Feria Nacional de San Marcos en M\u00e9xico"},"content":{"rendered":"<p>El proyecto ecuatoriano Categal se presentar\u00e1 por primera vez en la emblem\u00e1tica Feria Nacional de San Marcos 2025, como parte de su gira por M\u00e9xico realizada con el apoyo del Programa Iberm\u00fasicas. Esta participaci\u00f3n marca un hito en el recorrido internacional del grupo, consolidando su presencia en el circuito musical latinoamericano.<\/p>\n<p>&nbsp;<\/p>\n<p>Categal llevar\u00e1 al escenario su innovadora propuesta sonora que fusiona ritmos afro-latinos como la cumbia y el afrobeat con paisajes electr\u00f3nicos downtempo, dando vida a una experiencia musical envolvente y contempor\u00e1nea. El concierto formar\u00e1 parte de una serie de presentaciones y actividades culturales programadas desde el 03 de mayo, donde el grupo compartir\u00e1 su nuevo EP \u201cDulces Sombras\u201d, editado por el sello independiente Madre Records.<\/p>\n<p>&nbsp;<\/p>\n<p>Durante su estancia en M\u00e9xico, Categal tambi\u00e9n realizar\u00e1 una residencia art\u00edstica y ofrecer\u00e1 un taller de composici\u00f3n y producci\u00f3n musical, generando espacios de formaci\u00f3n, intercambio creativo y fortalecimiento de v\u00ednculos culturales entre Ecuador y M\u00e9xico.<\/p>\n<p>&nbsp;<\/p>\n<p>Este proyecto ha sido premiado por Ibem\u00fasicas en la convocatoria 2024 dentro de la l\u00ednea de \u201cAyuda a la Circulaci\u00f3n de Profesionales de la M\u00fasica\u201d.<\/p>\n<p>&nbsp;<\/p>\n<ul>\n<li>4 de mayo: Presentaci\u00f3n en Feria de San Marcos, Aguascalientes. Concierto especial presentando el EP Dulces Sombras en uno de los eventos culturales m\u00e1s importantes del pa\u00eds.<\/li>\n<li>6 de mayo: Taller de Producci\u00f3n Musical. Ciudad de M\u00e9xico, Impartido por Juan Diego Illescas. Enfoque en herramientas y creaci\u00f3n sonora.<\/li>\n<li>8 de mayo: Encuentro con colectivos culturales, Ciudad de M\u00e9xico,\u00a0 Espacio de di\u00e1logo e intercambio con artistas y gestores locales.<\/li>\n<li>10 de mayo: Taller de Escritura de Canciones Ciudad de M\u00e9xico Impartido por Jossefina. Letras con enfoque po\u00e9tico, social y de g\u00e9nero.<\/li>\n<li>12 de mayo: Taller de Sonidos del Caribe, Ciudad de M\u00e9xico, impartido por Kirnan. Exploraci\u00f3n de ritmos afrocaribe\u00f1os y ra\u00edces vivenciales.<\/li>\n<li>16 de mayo: Actividad comunitaria y ecol\u00f3gica XOCHIMILCO, Ciudad de M\u00e9xico. Encuentro art\u00edstico con enfoque en sostenibilidad y derechos de la naturaleza.<\/li>\n<\/ul>\n","protected":false},"excerpt":{"rendered":"<p>El proyecto ecuatoriano Categal se presentar\u00e1 por primera vez en la emblem\u00e1tica Feria Nacional de San Marcos 2025, como parte de su gira por M\u00e9xico realizada con el apoyo del Programa Iberm\u00fasicas. Esta participaci\u00f3n marca un hito en el recorrido internacional del grupo, consolidando su presencia en el circuito musical latinoamericano. &nbsp; Categal llevar\u00e1 al [&hellip;]<\/p>\n","protected":false},"author":7,"featured_media":22276,"comment_status":"closed","ping_status":"closed","sticky":false,"template":"","format":"standard","meta":{"footnotes":""},"categories":[53],"tags":[],"class_list":["post-22275","post","type-post","status-publish","format-standard","has-post-thumbnail","hentry","category-noticias-generales"],"lang":"es","translations":{"es":22275,"pt":22278},"pll_sync_post":[],"post_mailing_queue_ids":[],"_links":{"self":[{"href":"http:\/\/staging.ibermusicas.org\/index.php\/wp-json\/wp\/v2\/posts\/22275","targetHints":{"allow":["GET"]}}],"collection":[{"href":"http:\/\/staging.ibermusicas.org\/index.php\/wp-json\/wp\/v2\/posts"}],"about":[{"href":"http:\/\/staging.ibermusicas.org\/index.php\/wp-json\/wp\/v2\/types\/post"}],"author":[{"embeddable":true,"href":"http:\/\/staging.ibermusicas.org\/index.php\/wp-json\/wp\/v2\/users\/7"}],"replies":[{"embeddable":true,"href":"http:\/\/staging.ibermusicas.org\/index.php\/wp-json\/wp\/v2\/comments?post=22275"}],"version-history":[{"count":1,"href":"http:\/\/staging.ibermusicas.org\/index.php\/wp-json\/wp\/v2\/posts\/22275\/revisions"}],"predecessor-version":[{"id":22277,"href":"http:\/\/staging.ibermusicas.org\/index.php\/wp-json\/wp\/v2\/posts\/22275\/revisions\/22277"}],"wp:featuredmedia":[{"embeddable":true,"href":"http:\/\/staging.ibermusicas.org\/index.php\/wp-json\/wp\/v2\/media\/22276"}],"wp:attachment":[{"href":"http:\/\/staging.ibermusicas.org\/index.php\/wp-json\/wp\/v2\/media?parent=22275"}],"wp:term":[{"taxonomy":"category","embeddable":true,"href":"http:\/\/staging.ibermusicas.org\/index.php\/wp-json\/wp\/v2\/categories?post=22275"},{"taxonomy":"post_tag","embeddable":true,"href":"http:\/\/staging.ibermusicas.org\/index.php\/wp-json\/wp\/v2\/tags?post=22275"}],"curies":[{"name":"wp","href":"https:\/\/api.w.org\/{rel}","templated":true}]}}