{"id":22278,"date":"2025-04-28T18:44:55","date_gmt":"2025-04-28T18:44:55","guid":{"rendered":"http:\/\/staging.ibermusicas.org\/?p=22278"},"modified":"2025-06-03T16:22:32","modified_gmt":"2025-06-03T16:22:32","slug":"categal-do-equador-chega-a-feira-nacional-de-san-marcos-no-mexico","status":"publish","type":"post","link":"http:\/\/staging.ibermusicas.org\/index.php\/categal-do-equador-chega-a-feira-nacional-de-san-marcos-no-mexico\/","title":{"rendered":"Categal, do Equador, chega \u00e0 Feira Nacional de San Marcos, no M\u00e9xico"},"content":{"rendered":"<p>O projeto equatoriano Categal ser\u00e1 apresentado pela primeira vez na emblem\u00e1tica Feira Nacional de San Marcos 2025, como parte de sua turn\u00ea pelo M\u00e9xico realizada com o apoio do Programa Iberm\u00fasicas. Esta participa\u00e7\u00e3o marca um ponto importante na trajet\u00f3ria internacional do grupo, consolidando sua presen\u00e7a no circuito musical latino-americano.<\/p>\n<p>&nbsp;<\/p>\n<p>Categal levar\u00e1 ao palco sua proposta sonora inovadora que funde ritmos afro-latinos como a cumbia e o afrobeat com paisagens eletr\u00f4nicas downtempo, dando vida a uma experi\u00eancia musical envolvente e contempor\u00e2nea. O concerto far\u00e1 parte de uma s\u00e9rie de apresenta\u00e7\u00f5es e atividades culturais programadas a partir de 3 de maio, onde o grupo compartilhar\u00e1 seu novo EP \u201cDulces Sombras\u201d, editado pela gravadora independente Madre Records.<\/p>\n<p>&nbsp;<\/p>\n<p>Durante sua estadia no M\u00e9xico, Categal tamb\u00e9m realizar\u00e1 uma resid\u00eancia art\u00edstica e oferecer\u00e1 um workshop de composi\u00e7\u00e3o e produ\u00e7\u00e3o musical, gerando espa\u00e7os de forma\u00e7\u00e3o, interc\u00e2mbio criativo e fortalecimento dos la\u00e7os culturais entre o Equador e o M\u00e9xico.<\/p>\n<p>&nbsp;<\/p>\n<p>Este projeto foi premiado pelo Programa Ibem\u00fasicas na convocat\u00f3ria 2024 dentro da linha \u201cApoio \u00e0 Circula\u00e7\u00e3o de Profissionais da M\u00fasica\u201d.<\/p>\n<p>&nbsp;<\/p>\n<ul>\n<li>4 de maio: Apresenta\u00e7\u00e3o na Feira de San Marcos, Aguascalientes. Concerto especial apresentando o EP Dulces Sombras em um dos eventos culturais mais importantes do pa\u00eds<\/li>\n<li>6 de maio: Workshop de Produ\u00e7\u00e3o Musical. Cidade do M\u00e9xico, Ministrado por Juan Diego Illescas. Foco em ferramentas e cria\u00e7\u00e3o sonora<\/li>\n<li>8 de maio: Encontro com coletivos culturais, Cidade do M\u00e9xico, Espa\u00e7o de di\u00e1logo e interc\u00e2mbio com artistas e gestores locais<\/li>\n<li>10 de maio: Workshop de Composi\u00e7\u00e3o de Can\u00e7\u00f5es Cidade do M\u00e9xico Ministrado por Jossefina. Letras com enfoque po\u00e9tico, social e de g\u00eanero<\/li>\n<li>12 de maio: Oficina de Sons do Caribe, Cidade do M\u00e9xico, Ministrada por Kirnan. Explora\u00e7\u00e3o de ritmos afro-caribenhos e ra\u00edzes experienciais<\/li>\n<li>16 de maio: Atividade comunit\u00e1ria e ecol\u00f3gica XOCHIMILCO, Cidade do M\u00e9xico. Encontro art\u00edstico com foco em sustentabilidade e direitos da natureza<\/li>\n<\/ul>\n","protected":false},"excerpt":{"rendered":"<p>O projeto equatoriano Categal ser\u00e1 apresentado pela primeira vez na emblem\u00e1tica Feira Nacional de San Marcos 2025, como parte de sua turn\u00ea pelo M\u00e9xico realizada com o apoio do Programa Iberm\u00fasicas. Esta participa\u00e7\u00e3o marca um ponto importante na trajet\u00f3ria internacional do grupo, consolidando sua presen\u00e7a no circuito musical latino-americano. &nbsp; Categal levar\u00e1 ao palco sua [&hellip;]<\/p>\n","protected":false},"author":7,"featured_media":22276,"comment_status":"closed","ping_status":"closed","sticky":false,"template":"","format":"standard","meta":{"footnotes":""},"categories":[218],"tags":[],"class_list":["post-22278","post","type-post","status-publish","format-standard","has-post-thumbnail","hentry","category-noticias-generales-pt"],"lang":"pt","translations":{"pt":22278,"es":22275},"pll_sync_post":[],"post_mailing_queue_ids":[],"_links":{"self":[{"href":"http:\/\/staging.ibermusicas.org\/index.php\/wp-json\/wp\/v2\/posts\/22278","targetHints":{"allow":["GET"]}}],"collection":[{"href":"http:\/\/staging.ibermusicas.org\/index.php\/wp-json\/wp\/v2\/posts"}],"about":[{"href":"http:\/\/staging.ibermusicas.org\/index.php\/wp-json\/wp\/v2\/types\/post"}],"author":[{"embeddable":true,"href":"http:\/\/staging.ibermusicas.org\/index.php\/wp-json\/wp\/v2\/users\/7"}],"replies":[{"embeddable":true,"href":"http:\/\/staging.ibermusicas.org\/index.php\/wp-json\/wp\/v2\/comments?post=22278"}],"version-history":[{"count":1,"href":"http:\/\/staging.ibermusicas.org\/index.php\/wp-json\/wp\/v2\/posts\/22278\/revisions"}],"predecessor-version":[{"id":22279,"href":"http:\/\/staging.ibermusicas.org\/index.php\/wp-json\/wp\/v2\/posts\/22278\/revisions\/22279"}],"wp:featuredmedia":[{"embeddable":true,"href":"http:\/\/staging.ibermusicas.org\/index.php\/wp-json\/wp\/v2\/media\/22276"}],"wp:attachment":[{"href":"http:\/\/staging.ibermusicas.org\/index.php\/wp-json\/wp\/v2\/media?parent=22278"}],"wp:term":[{"taxonomy":"category","embeddable":true,"href":"http:\/\/staging.ibermusicas.org\/index.php\/wp-json\/wp\/v2\/categories?post=22278"},{"taxonomy":"post_tag","embeddable":true,"href":"http:\/\/staging.ibermusicas.org\/index.php\/wp-json\/wp\/v2\/tags?post=22278"}],"curies":[{"name":"wp","href":"https:\/\/api.w.org\/{rel}","templated":true}]}}