{"id":22283,"date":"2025-04-28T18:52:45","date_gmt":"2025-04-28T18:52:45","guid":{"rendered":"http:\/\/staging.ibermusicas.org\/?p=22283"},"modified":"2025-06-03T16:22:25","modified_gmt":"2025-06-03T16:22:25","slug":"andro-carvalho-conductor-sera-parte-do-projeto-meu-bairro-minha-lingua-na-semana-da-cultura-da-cplp-em-sao-tome-e-principe","status":"publish","type":"post","link":"http:\/\/staging.ibermusicas.org\/index.php\/andro-carvalho-conductor-sera-parte-do-projeto-meu-bairro-minha-lingua-na-semana-da-cultura-da-cplp-em-sao-tome-e-principe\/","title":{"rendered":"Andro Carvalho, \u201cConductor\u201d, ser\u00e1 parte do projeto \u00abMeu Bairro, Minha L\u00edngua\u201d na Semana da Cultura da CPLP, em S\u00e3o Tom\u00e9 e Pr\u00edncipe"},"content":{"rendered":"<p>\u201cMeu Bairro, Minha L\u00edngua\u201d recebe em S\u00e3o Tom\u00e9 e Pr\u00edncipe mentoria internacional com Andro \u201cConductor\u201d Carvalho. A Imers\u00e3o sobre o futuro da m\u00fasica lus\u00f3fona acontece durante a Semana da Cultura da CPLP (Comunidade dos Pa\u00edses de L\u00edngua Portuguesa), em S\u00e3o Tom\u00e9 e Pr\u00edncipe.<\/p>\n<p>&nbsp;<\/p>\n<p>\u201cMeu Bairro, Minha L\u00edngua\u201d, movimento musical sobre o futuro da l\u00edngua portuguesa numa perspectiva Sul Global, embarca para S\u00e3o Tom\u00e9 E Pr\u00edncipe, durante a Semana da Cultura da CPLP. Liderado pelo rapper, professor e ativista cultural brasileiro, a iniciativa ter\u00e1 em Andro Carvalho (conhecido como Conductor), um de seus destaques internacionais. Figura influente na ind\u00fastria musical europeia, com mais de 15 anos de experi\u00eancia como artista e 8 anos como consultor e educador, Andro trar\u00e1 sua expertise para os artistas s\u00e3o-tomenses, oferecendo mentorias e compartilhando conhecimentos sobre produ\u00e7\u00e3o musical e tend\u00eancias do mercado. Membro fundador do aclamado grupo Buraka Som Sistema, Andro Conductor \u00e9 especialista em orienta\u00e7\u00e3o estrat\u00e9gica para projetos musicais.<\/p>\n<p>&nbsp;<\/p>\n<p>Sua participa\u00e7\u00e3o nesta imers\u00e3o no continente africano representa uma oportunidade \u00fanica para os participantes aprenderem com um profissional que colaborou com artistas renomados e tem vasta experi\u00eancia no cen\u00e1rio musical internacional. Durante o evento, Andro conduzir\u00e1 workshops focados em t\u00e9cnicas de produ\u00e7\u00e3o musical e nas complexidades do neg\u00f3cio da m\u00fasica, enriquecendo significativamente a experi\u00eancia dos artistas selecionados.<\/p>\n<p>&nbsp;<\/p>\n<p>\u201cMeu Bairro, Minha L\u00edngua\u201d \u00e9 um projeto de reconex\u00e3o de com as origens e a oportunidade de mostrar uma l\u00edngua democr\u00e1tica, descentralizada e suas potencialidades no tocante ao futuro de uma nova lusofonia. Essa conex\u00e3o entre os pa\u00edses de l\u00edngua portuguesa tem como objetivo principal chegar ao grande p\u00fablico a tem\u00e1tica a partir da \u00fanica arte que n\u00e3o pede licen\u00e7a: a m\u00fasica, tendo como suporte concertos, assim como desdobramentos no audiovisual e na educa\u00e7\u00e3o.<\/p>\n<p>&nbsp;<\/p>\n<p>O projeto de Andro Carvalho tem apoio do Programa Iberm\u00fasicas mediante a sua ferramenta de \u201cApoio \u00e0 circula\u00e7\u00e3o de profissionais da m\u00fasica\u201d, chamada 2024<\/p>\n<p>&nbsp;<\/p>\n<ul>\n<li>Do 5 a 10 de maio, audit\u00f3rio do Instituto Guimar\u00e3es Rosa durante a Semana de Cultura da CPLP, S\u00e3o Tom\u00e9 e Pr\u00edncipe<\/li>\n<\/ul>\n","protected":false},"excerpt":{"rendered":"<p>\u201cMeu Bairro, Minha L\u00edngua\u201d recebe em S\u00e3o Tom\u00e9 e Pr\u00edncipe mentoria internacional com Andro \u201cConductor\u201d Carvalho. A Imers\u00e3o sobre o futuro da m\u00fasica lus\u00f3fona acontece durante a Semana da Cultura da CPLP (Comunidade dos Pa\u00edses de L\u00edngua Portuguesa), em S\u00e3o Tom\u00e9 e Pr\u00edncipe. &nbsp; \u201cMeu Bairro, Minha L\u00edngua\u201d, movimento musical sobre o futuro da l\u00edngua [&hellip;]<\/p>\n","protected":false},"author":7,"featured_media":22281,"comment_status":"closed","ping_status":"closed","sticky":false,"template":"","format":"standard","meta":{"footnotes":""},"categories":[218],"tags":[],"class_list":["post-22283","post","type-post","status-publish","format-standard","has-post-thumbnail","hentry","category-noticias-generales-pt"],"lang":"pt","translations":{"pt":22283,"es":22280},"pll_sync_post":[],"post_mailing_queue_ids":[],"_links":{"self":[{"href":"http:\/\/staging.ibermusicas.org\/index.php\/wp-json\/wp\/v2\/posts\/22283","targetHints":{"allow":["GET"]}}],"collection":[{"href":"http:\/\/staging.ibermusicas.org\/index.php\/wp-json\/wp\/v2\/posts"}],"about":[{"href":"http:\/\/staging.ibermusicas.org\/index.php\/wp-json\/wp\/v2\/types\/post"}],"author":[{"embeddable":true,"href":"http:\/\/staging.ibermusicas.org\/index.php\/wp-json\/wp\/v2\/users\/7"}],"replies":[{"embeddable":true,"href":"http:\/\/staging.ibermusicas.org\/index.php\/wp-json\/wp\/v2\/comments?post=22283"}],"version-history":[{"count":1,"href":"http:\/\/staging.ibermusicas.org\/index.php\/wp-json\/wp\/v2\/posts\/22283\/revisions"}],"predecessor-version":[{"id":22284,"href":"http:\/\/staging.ibermusicas.org\/index.php\/wp-json\/wp\/v2\/posts\/22283\/revisions\/22284"}],"wp:featuredmedia":[{"embeddable":true,"href":"http:\/\/staging.ibermusicas.org\/index.php\/wp-json\/wp\/v2\/media\/22281"}],"wp:attachment":[{"href":"http:\/\/staging.ibermusicas.org\/index.php\/wp-json\/wp\/v2\/media?parent=22283"}],"wp:term":[{"taxonomy":"category","embeddable":true,"href":"http:\/\/staging.ibermusicas.org\/index.php\/wp-json\/wp\/v2\/categories?post=22283"},{"taxonomy":"post_tag","embeddable":true,"href":"http:\/\/staging.ibermusicas.org\/index.php\/wp-json\/wp\/v2\/tags?post=22283"}],"curies":[{"name":"wp","href":"https:\/\/api.w.org\/{rel}","templated":true}]}}