{"id":22285,"date":"2025-04-28T18:54:34","date_gmt":"2025-04-28T18:54:34","guid":{"rendered":"http:\/\/staging.ibermusicas.org\/?p=22285"},"modified":"2025-06-03T15:57:32","modified_gmt":"2025-06-03T15:57:32","slug":"el-musico-espanol-vicente-navarro-realiza-una-amplia-gira-con-destinos-en-colombia-brasil-y-mexico","status":"publish","type":"post","link":"http:\/\/staging.ibermusicas.org\/index.php\/el-musico-espanol-vicente-navarro-realiza-una-amplia-gira-con-destinos-en-colombia-brasil-y-mexico\/","title":{"rendered":"El m\u00fasico espa\u00f1ol Vicente Navarro, realiza una amplia gira con destinos en Colombia, Brasil y M\u00e9xico"},"content":{"rendered":"<p>Vicente Navarro es un m\u00fasico y actor madrile\u00f1o de ra\u00edces manchegas cuya m\u00fasica se mueve entre el folclore espa\u00f1ol y latinoamericano, y la m\u00fasica urbana y electr\u00f3nica. Con dos \u00e1lbumes publicados (&#8216;Casi tierra&#8217; y &#8216;Las manos&#8217;) y colaboraciones con Rodrigo Cuevas, Roc\u00edo M\u00e1rquez o Karmento, Vicente Navarro se ha posicionado como uno de los referentes del neofolclore espa\u00f1ol actual.<\/p>\n<p>&nbsp;<\/p>\n<p>Durante el mes de mayo Vicente Navarro llevar\u00e1 a Latinoam\u00e9rica su gira &#8216;Las flores de cerca&#8217;, en la que realiza una revisi\u00f3n m\u00e1s \u00edntima de sus canciones. Su punto de partida tendr\u00e1 lugar en el BIME de Bogot\u00e1 (Colombia) y con ella tambi\u00e9n pasar\u00e1 por Ciudad de M\u00e9xico (M\u00e9xico) y S\u00e3o Paulo (Brasil).<\/p>\n<p>&nbsp;<\/p>\n<p>Esta gira de Vicente Navarro, cuenta con el apoyo del Programa Iberm\u00fasicas por medio de su l\u00ednea de \u201cAyuda a la circulaci\u00f3n de profesionales de la m\u00fasica\u201d, convocatoria 2024.<\/p>\n<p>&nbsp;<\/p>\n<ul>\n<li>6 de mayo, 11h30: BIME Bogot\u00e1. Participaci\u00f3n en el panel: \u00bfEn qu\u00e9 va el relevo de generaciones en las m\u00fasicas tradicionales en Latinoam\u00e9rica?, Bogot\u00e1, Colombia<\/li>\n<li>6 de mayo: Show dentro de la programaci\u00f3n de BIME Bogot\u00e1, Colombia<\/li>\n<li>10 de mayo: Concierto en Teatro Unibes Cultural, S\u00e3o Paulo, Brasil<\/li>\n<li>15 de mayo: Concierto en el Centro Cultural de Espa\u00f1a en Ciudad de M\u00e9xico<\/li>\n<\/ul>\n","protected":false},"excerpt":{"rendered":"<p>Vicente Navarro es un m\u00fasico y actor madrile\u00f1o de ra\u00edces manchegas cuya m\u00fasica se mueve entre el folclore espa\u00f1ol y latinoamericano, y la m\u00fasica urbana y electr\u00f3nica. Con dos \u00e1lbumes publicados (&#8216;Casi tierra&#8217; y &#8216;Las manos&#8217;) y colaboraciones con Rodrigo Cuevas, Roc\u00edo M\u00e1rquez o Karmento, Vicente Navarro se ha posicionado como uno de los referentes [&hellip;]<\/p>\n","protected":false},"author":7,"featured_media":22286,"comment_status":"closed","ping_status":"closed","sticky":false,"template":"","format":"standard","meta":{"footnotes":""},"categories":[53],"tags":[],"class_list":["post-22285","post","type-post","status-publish","format-standard","has-post-thumbnail","hentry","category-noticias-generales"],"lang":"es","translations":{"es":22285,"pt":22288},"pll_sync_post":[],"post_mailing_queue_ids":[],"_links":{"self":[{"href":"http:\/\/staging.ibermusicas.org\/index.php\/wp-json\/wp\/v2\/posts\/22285","targetHints":{"allow":["GET"]}}],"collection":[{"href":"http:\/\/staging.ibermusicas.org\/index.php\/wp-json\/wp\/v2\/posts"}],"about":[{"href":"http:\/\/staging.ibermusicas.org\/index.php\/wp-json\/wp\/v2\/types\/post"}],"author":[{"embeddable":true,"href":"http:\/\/staging.ibermusicas.org\/index.php\/wp-json\/wp\/v2\/users\/7"}],"replies":[{"embeddable":true,"href":"http:\/\/staging.ibermusicas.org\/index.php\/wp-json\/wp\/v2\/comments?post=22285"}],"version-history":[{"count":1,"href":"http:\/\/staging.ibermusicas.org\/index.php\/wp-json\/wp\/v2\/posts\/22285\/revisions"}],"predecessor-version":[{"id":22287,"href":"http:\/\/staging.ibermusicas.org\/index.php\/wp-json\/wp\/v2\/posts\/22285\/revisions\/22287"}],"wp:featuredmedia":[{"embeddable":true,"href":"http:\/\/staging.ibermusicas.org\/index.php\/wp-json\/wp\/v2\/media\/22286"}],"wp:attachment":[{"href":"http:\/\/staging.ibermusicas.org\/index.php\/wp-json\/wp\/v2\/media?parent=22285"}],"wp:term":[{"taxonomy":"category","embeddable":true,"href":"http:\/\/staging.ibermusicas.org\/index.php\/wp-json\/wp\/v2\/categories?post=22285"},{"taxonomy":"post_tag","embeddable":true,"href":"http:\/\/staging.ibermusicas.org\/index.php\/wp-json\/wp\/v2\/tags?post=22285"}],"curies":[{"name":"wp","href":"https:\/\/api.w.org\/{rel}","templated":true}]}}