{"id":22290,"date":"2025-04-28T18:58:19","date_gmt":"2025-04-28T18:58:19","guid":{"rendered":"http:\/\/staging.ibermusicas.org\/?p=22290"},"modified":"2025-06-03T15:57:23","modified_gmt":"2025-06-03T15:57:23","slug":"la-violonchelista-ecuatoriana-ana-gamboa-realizara-una-amplia-gira-por-mexico-venezuela-peru-colombia-chile-y-brasil","status":"publish","type":"post","link":"http:\/\/staging.ibermusicas.org\/index.php\/la-violonchelista-ecuatoriana-ana-gamboa-realizara-una-amplia-gira-por-mexico-venezuela-peru-colombia-chile-y-brasil\/","title":{"rendered":"La violonchelista ecuatoriana Ana Gamboa realizar\u00e1 una amplia gira por M\u00e9xico, Venezuela, Per\u00fa, Colombia, Chile y Brasil"},"content":{"rendered":"<p>La violonchelista ecuatoriana Ana Gamboa realizar\u00e1 una nueva gira por Latinoam\u00e9rica, presentando un ciclo de conciertos solistas y colaborativos en diversas ciudades del continente, enfocados en la improvisaci\u00f3n libre, el cruce de lenguajes y la exploraci\u00f3n del sonido desde una perspectiva h\u00edbrida y situada.<\/p>\n<p>&nbsp;<\/p>\n<p>A trav\u00e9s de presentaciones en espacios autogestionados, centros culturales y festivales locales, la gira busca generar intercambios con artistas de cada regi\u00f3n, visibilizar pr\u00e1cticas sonoras no convencionales y fomentar redes de colaboraci\u00f3n art\u00edstica en el continente. Las actividades incluyen conciertos, sesiones de improvisaci\u00f3n con m\u00fasicos locales, charlas sobre procesos creativos y encuentros abiertos con la comunidad art\u00edstica. Los conciertos se llevar\u00e1n a cabo en: Ciudad de M\u00e9xico, Caracas, Maracay, Lima, Bogot\u00e1, Valpara\u00edso y San Pablo.<\/p>\n<p>&nbsp;<\/p>\n<p>Ana Gamboa es violonchelista, compositora e improvisadora. Su trabajo se desarrolla entre la m\u00fasica contempor\u00e1nea, la experimentaci\u00f3n sonora y la performance. Desde 2016 trabaja en forma autogestionada, generando v\u00ednculos con artistas de toda Am\u00e9rica Latina, con quienes ha compartido escenario en festivales, ciclos y conciertos independientes. Cuenta con ocho \u00e1lbumes publicados en diferentes proyectos. Recientemente obtuvo el Premio de Residencia CIME, el 3er Premio de M\u00fasica Acad\u00e9mica | Fondo Nacional de las Artes y fue finalista del Premio Russolo 2024. Su enfoque art\u00edstico propone una mirada cr\u00edtica y situada sobre la creaci\u00f3n sonora desde el sur.<\/p>\n<p>&nbsp;<\/p>\n<p>Esta amplia gira de Ana Gonzalez Gamboa, es posible gracias al apoyo de Iberm\u00fasicas, mediante su l\u00ednea de \u201cAyuda a la circulaci\u00f3n de profesionales de la m\u00fasica\u201d, convocatoria 2024.<\/p>\n<p>&nbsp;<\/p>\n<ul>\n<li>7 de mayo: Charla en UNAM, Ciudad de M\u00e9xico<\/li>\n<li>7 de mayo: Concierto en Ciclo ISO, Ciudad de M\u00e9xico<\/li>\n<li>8 de mayo: Concierto en Ciclo TRASUM, Ciudad de M\u00e9xico<\/li>\n<li>9 de mayo: Concierto en Venas Rotas Disco, Ciudad de M\u00e9xico<\/li>\n<li>12 de mayo: Taller de improvisaci\u00f3n libre en Festival Otro Beta, Maracay, Venezuela<\/li>\n<li>13 de mayo: Taller de improvisaci\u00f3n libre y concierto en Festival Otro Beta, Maracay, Venezuela<\/li>\n<li>14 de mayo: Taller de tambores Culo e\u2019 Puya, Caracas, San Agust\u00edn, Venezuela<\/li>\n<li>15 de mayo: Teatro Teresa Carre\u00f1o \u2013 Taller de improvisaci\u00f3n libre, Caracas, Venezuela<\/li>\n<li>16 de mayo: Teatro Teresa Carre\u00f1o \u2013 Taller de improvisaci\u00f3n libre y concierto, Caracas, Venezuela<\/li>\n<li>21 al de mayo: Talleres de improvisaci\u00f3n libre en Festival En Tiempo Real, Bogot\u00e1, Colombia<\/li>\n<li>22 de mayo: Concierto en UNBOT, Bogot\u00e1, Colombia<\/li>\n<li>23 de mayo:Concierto en Festival En Tiempo Real, Bogot\u00e1, Colombia<\/li>\n<li>27 de mayo: Taller de improvisaci\u00f3n libre y concierto en N! Espacio, Lima, Per\u00fa<\/li>\n<li>28 de mayo: Taller de improvisaci\u00f3n libre en N! Espacio, Lima, Per\u00fa<\/li>\n<li>29 de mayo: Taller de improvisaci\u00f3n libre y concierto en El Paradero Cultural, Lima, Per\u00fa<\/li>\n<li>30 de mayo: Concierto en N! Espacio, Lima, Per\u00fa<\/li>\n<li>31 de mayo: Concierto en Galer\u00eda Mart\u00edn Yepez , Lima, Per\u00fa<\/li>\n<li>4 al 6 de junio: Talleres de improvisaci\u00f3n libre en B.A.S.E Tsonami, Valpara\u00edso, Chile<\/li>\n<li>6 de junio: Concierto en B.A.S.E Tsonami \u2013 Concierto, Valpara\u00edso, Chile<\/li>\n<li>7 de junio: Concierto en Productora Mutante, Santiago de Chile<\/li>\n<li>10 al 12 de junio: Talleres de improvisaci\u00f3n libre en Local sem Nome, S\u00e3o Paulo, Brasil<\/li>\n<li>13 de junio: Concierto en Est\u00fadio Mitra, S\u00e3o Paulo, Brasil<\/li>\n<li>14 de junio: Concierto en Leviat\u00e3, S\u00e3o Paulo, Brasil<\/li>\n<\/ul>\n","protected":false},"excerpt":{"rendered":"<p>La violonchelista ecuatoriana Ana Gamboa realizar\u00e1 una nueva gira por Latinoam\u00e9rica, presentando un ciclo de conciertos solistas y colaborativos en diversas ciudades del continente, enfocados en la improvisaci\u00f3n libre, el cruce de lenguajes y la exploraci\u00f3n del sonido desde una perspectiva h\u00edbrida y situada. &nbsp; A trav\u00e9s de presentaciones en espacios autogestionados, centros culturales y [&hellip;]<\/p>\n","protected":false},"author":7,"featured_media":22291,"comment_status":"closed","ping_status":"closed","sticky":false,"template":"","format":"standard","meta":{"footnotes":""},"categories":[53],"tags":[],"class_list":["post-22290","post","type-post","status-publish","format-standard","has-post-thumbnail","hentry","category-noticias-generales"],"lang":"es","translations":{"es":22290,"pt":22293},"pll_sync_post":[],"post_mailing_queue_ids":[],"_links":{"self":[{"href":"http:\/\/staging.ibermusicas.org\/index.php\/wp-json\/wp\/v2\/posts\/22290","targetHints":{"allow":["GET"]}}],"collection":[{"href":"http:\/\/staging.ibermusicas.org\/index.php\/wp-json\/wp\/v2\/posts"}],"about":[{"href":"http:\/\/staging.ibermusicas.org\/index.php\/wp-json\/wp\/v2\/types\/post"}],"author":[{"embeddable":true,"href":"http:\/\/staging.ibermusicas.org\/index.php\/wp-json\/wp\/v2\/users\/7"}],"replies":[{"embeddable":true,"href":"http:\/\/staging.ibermusicas.org\/index.php\/wp-json\/wp\/v2\/comments?post=22290"}],"version-history":[{"count":2,"href":"http:\/\/staging.ibermusicas.org\/index.php\/wp-json\/wp\/v2\/posts\/22290\/revisions"}],"predecessor-version":[{"id":22346,"href":"http:\/\/staging.ibermusicas.org\/index.php\/wp-json\/wp\/v2\/posts\/22290\/revisions\/22346"}],"wp:featuredmedia":[{"embeddable":true,"href":"http:\/\/staging.ibermusicas.org\/index.php\/wp-json\/wp\/v2\/media\/22291"}],"wp:attachment":[{"href":"http:\/\/staging.ibermusicas.org\/index.php\/wp-json\/wp\/v2\/media?parent=22290"}],"wp:term":[{"taxonomy":"category","embeddable":true,"href":"http:\/\/staging.ibermusicas.org\/index.php\/wp-json\/wp\/v2\/categories?post=22290"},{"taxonomy":"post_tag","embeddable":true,"href":"http:\/\/staging.ibermusicas.org\/index.php\/wp-json\/wp\/v2\/tags?post=22290"}],"curies":[{"name":"wp","href":"https:\/\/api.w.org\/{rel}","templated":true}]}}