{"id":22293,"date":"2025-04-28T18:59:29","date_gmt":"2025-04-28T18:59:29","guid":{"rendered":"http:\/\/staging.ibermusicas.org\/?p=22293"},"modified":"2025-06-03T16:22:12","modified_gmt":"2025-06-03T16:22:12","slug":"a-violoncelista-equatoriana-ana-gamboa-fara-uma-extensa-turne-pelo-mexico-venezuela-peru-colombia-chile-e-brasil","status":"publish","type":"post","link":"http:\/\/staging.ibermusicas.org\/index.php\/a-violoncelista-equatoriana-ana-gamboa-fara-uma-extensa-turne-pelo-mexico-venezuela-peru-colombia-chile-e-brasil\/","title":{"rendered":"A violoncelista equatoriana Ana Gamboa far\u00e1 uma extensa turn\u00ea pelo M\u00e9xico, Venezuela, Peru, Col\u00f4mbia, Chile e Brasil"},"content":{"rendered":"<p>A violoncelista equatoriana Ana Gamboa far\u00e1 uma nova turn\u00ea pela Am\u00e9rica Latina, apresentando uma s\u00e9rie de concertos solo e colaborativos em v\u00e1rias cidades do continente, com foco na improvisa\u00e7\u00e3o livre, no cruzamento de linguagens e na explora\u00e7\u00e3o do som a partir de uma perspectiva h\u00edbrida e situada.<\/p>\n<p>&nbsp;<\/p>\n<p>Por meio de apresenta\u00e7\u00f5es em espa\u00e7os autogerenciados, centros culturais e festivais locais, a turn\u00ea busca gerar interc\u00e2mbios com artistas de cada regi\u00e3o, dar visibilidade a pr\u00e1ticas sonoras n\u00e3o convencionais e fomentar redes de colabora\u00e7\u00e3o art\u00edstica no continente. As atividades incluem concertos, sess\u00f5es de improvisa\u00e7\u00e3o com m\u00fasicos locais, palestras sobre processos criativos e reuni\u00f5es abertas com a comunidade art\u00edstica. Os concertos ser\u00e3o realizados em: Cidade do M\u00e9xico, Caracas, Maracay, Lima, Bogot\u00e1, Valpara\u00edso e San Pablo.<\/p>\n<p>&nbsp;<\/p>\n<p>Ana Gamboa \u00e9 violoncelista, compositora e improvisadora. Seu trabalho se desenvolve entre a m\u00fasica contempor\u00e2nea, a experimenta\u00e7\u00e3o sonora e a performance. Desde 2016 vem trabalhando de forma autogestion\u00e1ria, gerando v\u00ednculos com artistas de toda a Am\u00e9rica Latina, com os quais tem dividido o palco em festivais, ciclos e concertos independentes. Lan\u00e7ou oito \u00e1lbuns em diferentes projetos. Recentemente, ganhou o Pr\u00eamio de Resid\u00eancia CIME, o 3\u00ba Pr\u00eamio de M\u00fasica Acad\u00eamica, o Fundo Nacional de Artes Academic Music Award | National Fund for the Arts e foi finalista do Pr\u00eamio Russolo 2024. Sua abordagem art\u00edstica prop\u00f5e um olhar cr\u00edtico e situado sobre a cria\u00e7\u00e3o sonora do sul.<\/p>\n<p>&nbsp;<\/p>\n<p>Esta extensa turn\u00ea de Ana Gonzalez Gamboa \u00e9 poss\u00edvel gra\u00e7as ao apoio do Iberm\u00fasicas, atrav\u00e9s de sua linha de \u201cApoio \u00e0 circula\u00e7\u00e3o de profissionais da m\u00fasica\u201d, chamada 2024.<\/p>\n<p>&nbsp;<\/p>\n<ul>\n<li>7 de maio: Palestra na UNAM, Cidade do M\u00e9xico<\/li>\n<li>7 de maio: Concerto no Ciclo ISO, Cidade do M\u00e9xico<\/li>\n<li>8 de maio: Concerto no Ciclo TRASUM, Cidade do M\u00e9xico<\/li>\n<li>9 de maio: Show na Venas Rotas Disco, Cidade do M\u00e9xico<\/li>\n<li>12 de maio: Workshop de improvisa\u00e7\u00e3o livre no Festival Otro Beta, Maracay, Venezuela<\/li>\n<li>13 de maio: Oficina de improvisa\u00e7\u00e3o livre e show no Festival Otro Beta, Maracay, Venezuela<\/li>\n<li>14 de maio: Workshop de tambores Culo e&#8217; Puya, Caracas, San Agust\u00edn, Venezuela<\/li>\n<li>15 de maio: Teatro Teresa Carre\u00f1o &#8211; Workshop de improvisa\u00e7\u00e3o livre, Caracas, Venezuela<\/li>\n<li>16 de maio: Teatro Teresa Carre\u00f1o &#8211; Oficina e concerto de improvisa\u00e7\u00e3o livre, Caracas, Venezuela<\/li>\n<li>21 de maio: Workshops de improvisa\u00e7\u00e3o livre no Festival En Tiempo Real, Bogot\u00e1, Col\u00f4mbia<\/li>\n<li>22 de maio: Concerto na UNBOT, Bogot\u00e1, Col\u00f4mbia<\/li>\n<li>23 de maio: Concerto no Festival En Tiempo Real, Bogot\u00e1, Col\u00f4mbia<\/li>\n<li>27 de maio: Workshop de improvisa\u00e7\u00e3o livre e show no N! Espacio, Lima, Peru<\/li>\n<li>28 de maio: Oficina de improvisa\u00e7\u00e3o gratuita no N! Espacio, Lima, Peru<\/li>\n<li>29 de maio: Oficina de improvisa\u00e7\u00e3o gratuita e show no El Paradero Cultural, Lima, Peru<\/li>\n<li>30 de maio: Show no N! Espacio, Lima, Peru<\/li>\n<li>31 de maio: Concerto na Galer\u00eda Mart\u00edn Yepez, Lima, Peru<\/li>\n<li>4 a 6 de junho: Workshops de improvisa\u00e7\u00e3o gratuitos no B.A.S.E Tsonami, Valpara\u00edso, Chile<\/li>\n<li>6 de junho: Concerto no B.A.S.E Tsonami &#8211; Concert, Valpara\u00edso, Chile<\/li>\n<li>7 de junho: Concerto na Productora Mutante, Santiago do Chile<\/li>\n<li>10 a 12 de junho: Workshops de improvisa\u00e7\u00e3o gratuitos no Local sem Nome, S\u00e3o Paulo, Brasil<\/li>\n<li>13 de junho: Show no Est\u00fadio Mitra, S\u00e3o Paulo, Brasil<\/li>\n<li>14 de junho: Show no Leviat\u00e3, S\u00e3o Paulo, Brasil<\/li>\n<\/ul>\n","protected":false},"excerpt":{"rendered":"<p>A violoncelista equatoriana Ana Gamboa far\u00e1 uma nova turn\u00ea pela Am\u00e9rica Latina, apresentando uma s\u00e9rie de concertos solo e colaborativos em v\u00e1rias cidades do continente, com foco na improvisa\u00e7\u00e3o livre, no cruzamento de linguagens e na explora\u00e7\u00e3o do som a partir de uma perspectiva h\u00edbrida e situada. &nbsp; Por meio de apresenta\u00e7\u00f5es em espa\u00e7os autogerenciados, [&hellip;]<\/p>\n","protected":false},"author":7,"featured_media":22291,"comment_status":"closed","ping_status":"closed","sticky":false,"template":"","format":"standard","meta":{"footnotes":""},"categories":[218],"tags":[],"class_list":["post-22293","post","type-post","status-publish","format-standard","has-post-thumbnail","hentry","category-noticias-generales-pt"],"lang":"pt","translations":{"pt":22293,"es":22290},"pll_sync_post":[],"post_mailing_queue_ids":[],"_links":{"self":[{"href":"http:\/\/staging.ibermusicas.org\/index.php\/wp-json\/wp\/v2\/posts\/22293","targetHints":{"allow":["GET"]}}],"collection":[{"href":"http:\/\/staging.ibermusicas.org\/index.php\/wp-json\/wp\/v2\/posts"}],"about":[{"href":"http:\/\/staging.ibermusicas.org\/index.php\/wp-json\/wp\/v2\/types\/post"}],"author":[{"embeddable":true,"href":"http:\/\/staging.ibermusicas.org\/index.php\/wp-json\/wp\/v2\/users\/7"}],"replies":[{"embeddable":true,"href":"http:\/\/staging.ibermusicas.org\/index.php\/wp-json\/wp\/v2\/comments?post=22293"}],"version-history":[{"count":2,"href":"http:\/\/staging.ibermusicas.org\/index.php\/wp-json\/wp\/v2\/posts\/22293\/revisions"}],"predecessor-version":[{"id":22347,"href":"http:\/\/staging.ibermusicas.org\/index.php\/wp-json\/wp\/v2\/posts\/22293\/revisions\/22347"}],"wp:featuredmedia":[{"embeddable":true,"href":"http:\/\/staging.ibermusicas.org\/index.php\/wp-json\/wp\/v2\/media\/22291"}],"wp:attachment":[{"href":"http:\/\/staging.ibermusicas.org\/index.php\/wp-json\/wp\/v2\/media?parent=22293"}],"wp:term":[{"taxonomy":"category","embeddable":true,"href":"http:\/\/staging.ibermusicas.org\/index.php\/wp-json\/wp\/v2\/categories?post=22293"},{"taxonomy":"post_tag","embeddable":true,"href":"http:\/\/staging.ibermusicas.org\/index.php\/wp-json\/wp\/v2\/tags?post=22293"}],"curies":[{"name":"wp","href":"https:\/\/api.w.org\/{rel}","templated":true}]}}