{"id":22295,"date":"2025-04-28T19:04:34","date_gmt":"2025-04-28T19:04:34","guid":{"rendered":"http:\/\/staging.ibermusicas.org\/?p=22295"},"modified":"2025-06-03T15:57:14","modified_gmt":"2025-06-03T15:57:14","slug":"la-compositora-portuguesa-mariana-vieira-presentara-dos-obras-en-el-festival-suena-de-austria","status":"publish","type":"post","link":"http:\/\/staging.ibermusicas.org\/index.php\/la-compositora-portuguesa-mariana-vieira-presentara-dos-obras-en-el-festival-suena-de-austria\/","title":{"rendered":"La compositora portuguesa Mariana Vieira presentar\u00e1 dos obras en el Festival Suena de Austria"},"content":{"rendered":"<p>El conjunto austriaco Between Feathers estrenar\u00e1 una nueva obra para acorde\u00f3n y percusi\u00f3n de la compositora Mariana Vieira en la iglesia St. Ruprecht de Viena, en el marco del Festival Suena, una iniciativa anual que tiene como objetivo promover la m\u00fasica iberoamericana. El concierto ir\u00e1 seguido de una charla con algunos de los compositores que forman parte del programa.<\/p>\n<p>&nbsp;<\/p>\n<p>La m\u00fasica de la compositora Mariana Vieira tambi\u00e9n se podr\u00e1 escuchar el d\u00eda anterior en la Sociedad Austro-Portuguesa, donde el saxofonista Juan Moreda interpretar\u00e1 una obra para saxof\u00f3n solo que data de 2019.<\/p>\n<p>&nbsp;<\/p>\n<p>Mariana Vieira estudi\u00f3 composici\u00f3n en la Escuela Superior de M\u00fasica de Lisboa con los profesores Carlos Caires y Jaime Reis. Actualmente cursa el M\u00e1ster en Ense\u00f1anza de la M\u00fasica en la misma instituci\u00f3n. Su cat\u00e1logo incluye m\u00fasica acusm\u00e1tica, mixta e instrumental para solistas, camar\u00edstica y orquestal, as\u00ed como piezas colaborativas interdisciplinarias. Su m\u00fasica ha sido presentada en festivales como Young Euro Classic (Alemania), L&#8217;Espace du Son (B\u00e9lgica), Audio Art (Polonia), Electroacoustic Music Days (Grecia), Crossroads (Austria), Monaco Electroacoustique (M\u00f3naco), Aveiro_S\u00edntese e M\u00fasica Viva (Portugal).<\/p>\n<p>&nbsp;<\/p>\n<p>Adem\u00e1s de su producci\u00f3n compositiva, se interesa por desarrollar proyectos art\u00edsticos y pedag\u00f3gicos que combinen m\u00fasica y tecnolog\u00eda, actividad que lleva a cabo como directora de producci\u00f3n del Festival DME, colaboradora activa en el espacio Lisboa Incomum y miembro de la asociaci\u00f3n EMSCAN.<\/p>\n<p>En 2017, su pieza \u00abRaiz\u00bb, escrita para la Jovem Orquestra Portuguesa (JOP), gan\u00f3 el European Composer Award.<\/p>\n<p>Desde 2021, es tambi\u00e9n profesora adjunta en la Escuela Superior de Artes Aplicadas (Castelo Branco, Portugal).<\/p>\n<p>&nbsp;<\/p>\n<p>La presencia de la compositora Mariana Vieira en el Suena Festival de Austria es posible gracias al apoyo del Programa Iberm\u00fasicas a trav\u00e9s de la l\u00ednea \u00abAyuda a la circulaci\u00f3n de profesionales de la m\u00fasica\u00bb, convocatoria 2024.<\/p>\n<p>&nbsp;<\/p>\n<ul>\n<li>10 de mayo, 19:30 h: Sociedad Austro-Portuguesa (Viena, Austria) &#8211; interpretaci\u00f3n de \u00abM\u00fasica para una f\u00e1brica\u00bb (2019) en el marco del concierto de Juan Moreda<\/li>\n<li>11 de mayo, 20:00 h: Iglesia St. Ruprecht (Viena, Austria) &#8211; estreno de una nueva obra para acorde\u00f3n y percusi\u00f3n en el marco del concierto \u00abmore sweetly forgot \u2013 rhetorische Figuren\u00bb del ensemble Between Feathers<\/li>\n<\/ul>\n","protected":false},"excerpt":{"rendered":"<p>El conjunto austriaco Between Feathers estrenar\u00e1 una nueva obra para acorde\u00f3n y percusi\u00f3n de la compositora Mariana Vieira en la iglesia St. Ruprecht de Viena, en el marco del Festival Suena, una iniciativa anual que tiene como objetivo promover la m\u00fasica iberoamericana. El concierto ir\u00e1 seguido de una charla con algunos de los compositores que [&hellip;]<\/p>\n","protected":false},"author":7,"featured_media":22296,"comment_status":"closed","ping_status":"closed","sticky":false,"template":"","format":"standard","meta":{"footnotes":""},"categories":[53],"tags":[],"class_list":["post-22295","post","type-post","status-publish","format-standard","has-post-thumbnail","hentry","category-noticias-generales"],"lang":"es","translations":{"es":22295,"pt":22298},"pll_sync_post":[],"post_mailing_queue_ids":[],"_links":{"self":[{"href":"http:\/\/staging.ibermusicas.org\/index.php\/wp-json\/wp\/v2\/posts\/22295","targetHints":{"allow":["GET"]}}],"collection":[{"href":"http:\/\/staging.ibermusicas.org\/index.php\/wp-json\/wp\/v2\/posts"}],"about":[{"href":"http:\/\/staging.ibermusicas.org\/index.php\/wp-json\/wp\/v2\/types\/post"}],"author":[{"embeddable":true,"href":"http:\/\/staging.ibermusicas.org\/index.php\/wp-json\/wp\/v2\/users\/7"}],"replies":[{"embeddable":true,"href":"http:\/\/staging.ibermusicas.org\/index.php\/wp-json\/wp\/v2\/comments?post=22295"}],"version-history":[{"count":1,"href":"http:\/\/staging.ibermusicas.org\/index.php\/wp-json\/wp\/v2\/posts\/22295\/revisions"}],"predecessor-version":[{"id":22297,"href":"http:\/\/staging.ibermusicas.org\/index.php\/wp-json\/wp\/v2\/posts\/22295\/revisions\/22297"}],"wp:featuredmedia":[{"embeddable":true,"href":"http:\/\/staging.ibermusicas.org\/index.php\/wp-json\/wp\/v2\/media\/22296"}],"wp:attachment":[{"href":"http:\/\/staging.ibermusicas.org\/index.php\/wp-json\/wp\/v2\/media?parent=22295"}],"wp:term":[{"taxonomy":"category","embeddable":true,"href":"http:\/\/staging.ibermusicas.org\/index.php\/wp-json\/wp\/v2\/categories?post=22295"},{"taxonomy":"post_tag","embeddable":true,"href":"http:\/\/staging.ibermusicas.org\/index.php\/wp-json\/wp\/v2\/tags?post=22295"}],"curies":[{"name":"wp","href":"https:\/\/api.w.org\/{rel}","templated":true}]}}