{"id":22298,"date":"2025-04-28T19:05:59","date_gmt":"2025-04-28T19:05:59","guid":{"rendered":"http:\/\/staging.ibermusicas.org\/?p=22298"},"modified":"2025-06-03T16:22:06","modified_gmt":"2025-06-03T16:22:06","slug":"a-compositora-portuguesa-mariana-vieira-apresentara-duas-obras-no-suena-festival-da-austria","status":"publish","type":"post","link":"http:\/\/staging.ibermusicas.org\/index.php\/a-compositora-portuguesa-mariana-vieira-apresentara-duas-obras-no-suena-festival-da-austria\/","title":{"rendered":"A compositora portuguesa Mariana Vieira apresentar\u00e1 duas obras no Suena Festival da \u00c1ustria"},"content":{"rendered":"<p>O ensemble austr\u00edaco Between Feathers ir\u00e1 estrear uma nova obra para acorde\u00e3o e percuss\u00e3o da compositora Mariana Vieira na Igreja St. Ruprecht em Viena, no \u00e2mbito do Festival Suena, uma iniciativa anual que visa promover a m\u00fasica ibero-americana. O concerto seguir-se-\u00e1 de uma conversa com alguns dos compositores que integram o programa.<\/p>\n<p>&nbsp;<\/p>\n<p>A m\u00fasica da compositora Mariana Vieira no Festival Suena far-se-\u00e1 ouvir tamb\u00e9m no dia anterior, na Sociedade Austro-Portuguesa, onde o saxofonista Juan Moreda ir\u00e1 interpretar uma obra para saxofone solo que data de 2019.<\/p>\n<p>&nbsp;<\/p>\n<p>Mariana Vieira estudou Composi\u00e7\u00e3o na Escola Superior de M\u00fasica de Lisboa com os professores Carlos Caires e Jaime Reis. Frequenta, actualmente, o Mestrado em Ensino de M\u00fasica na mesma institui\u00e7\u00e3o. O seu cat\u00e1logo inclui m\u00fasica acusm\u00e1tica, mista e instrumental a solo, camer\u00edstica e orquestral, bem como pe\u00e7as colaborativas interdisciplinares. A sua m\u00fasica foi apresentada em festivais como Young Euro Classic (Alemanha), L&#8217;Espace du Son (B\u00e9lgica), Audio Art (Pol\u00f3nia), Electroacoustic Music Days (Gr\u00e9cia) Crossroads (\u00c1ustria), Monaco Electroacoustique (M\u00f3naco), Aveiro_S\u00edntese e M\u00fasica Viva (Portugal).<\/p>\n<p>&nbsp;<\/p>\n<p>Al\u00e9m da sua produ\u00e7\u00e3o composicional, interessa-se por desenvolver projectos art\u00edsticos e pedag\u00f3gicos que combinem m\u00fasica e tecnologia, atividade que concretiza enquanto diretora de produ\u00e7\u00e3o do Festival DME, colaboradora ativa no espa\u00e7o Lisboa Incomum e membro da associa\u00e7\u00e3o EMSCAN.<\/p>\n<p>Em 2017, a sua pe\u00e7a \u00abRaiz\u00bb, escrita para a Jovem Orquestra Portuguesa (JOP), venceu o European Composer Award.<\/p>\n<p>Desde 2021, \u00e9 tamb\u00e9m Professora Assistente na Escola Superior de Artes Aplicadas (Castelo Branco, Portugal).<\/p>\n<p>&nbsp;<\/p>\n<p>A presen\u00e7a da compositora Mariana Vieira no Suena Festival da \u00c1ustria \u00e9 poss\u00edvel gra\u00e7as ao apoio do Programa Iberm\u00fasicas mediante a linha de \u201cApoio \u00e0 circula\u00e7\u00e3o de profissionais da m\u00fasica\u201d, chamada 2024.<\/p>\n<p><strong>\u00a0<\/strong><\/p>\n<ul>\n<li>10 de maio, 19h30: Sociedade Austro-Portuguesa (Viena, \u00c1ustria) &#8211; interpreta\u00e7\u00e3o de \u00abM\u00fasica para uma f\u00e1brica\u00bb (2019) no \u00e2mbito do concerto de Juan Moreda<\/li>\n<li>11 de maio, 20h: Igreja St. Ruprecht (Viena, \u00c1ustria) &#8211; estreia de nova obra para acorde\u00e3o e percuss\u00e3o no \u00e2mbito do concerto \u00abmore sweetly forgot \u2013 rhetorische Figuren\u00bb do ensemble Between Feathers<\/li>\n<\/ul>\n","protected":false},"excerpt":{"rendered":"<p>O ensemble austr\u00edaco Between Feathers ir\u00e1 estrear uma nova obra para acorde\u00e3o e percuss\u00e3o da compositora Mariana Vieira na Igreja St. Ruprecht em Viena, no \u00e2mbito do Festival Suena, uma iniciativa anual que visa promover a m\u00fasica ibero-americana. O concerto seguir-se-\u00e1 de uma conversa com alguns dos compositores que integram o programa. &nbsp; A m\u00fasica [&hellip;]<\/p>\n","protected":false},"author":7,"featured_media":22296,"comment_status":"closed","ping_status":"closed","sticky":false,"template":"","format":"standard","meta":{"footnotes":""},"categories":[218],"tags":[],"class_list":["post-22298","post","type-post","status-publish","format-standard","has-post-thumbnail","hentry","category-noticias-generales-pt"],"lang":"pt","translations":{"pt":22298,"es":22295},"pll_sync_post":[],"post_mailing_queue_ids":[],"_links":{"self":[{"href":"http:\/\/staging.ibermusicas.org\/index.php\/wp-json\/wp\/v2\/posts\/22298","targetHints":{"allow":["GET"]}}],"collection":[{"href":"http:\/\/staging.ibermusicas.org\/index.php\/wp-json\/wp\/v2\/posts"}],"about":[{"href":"http:\/\/staging.ibermusicas.org\/index.php\/wp-json\/wp\/v2\/types\/post"}],"author":[{"embeddable":true,"href":"http:\/\/staging.ibermusicas.org\/index.php\/wp-json\/wp\/v2\/users\/7"}],"replies":[{"embeddable":true,"href":"http:\/\/staging.ibermusicas.org\/index.php\/wp-json\/wp\/v2\/comments?post=22298"}],"version-history":[{"count":1,"href":"http:\/\/staging.ibermusicas.org\/index.php\/wp-json\/wp\/v2\/posts\/22298\/revisions"}],"predecessor-version":[{"id":22299,"href":"http:\/\/staging.ibermusicas.org\/index.php\/wp-json\/wp\/v2\/posts\/22298\/revisions\/22299"}],"wp:featuredmedia":[{"embeddable":true,"href":"http:\/\/staging.ibermusicas.org\/index.php\/wp-json\/wp\/v2\/media\/22296"}],"wp:attachment":[{"href":"http:\/\/staging.ibermusicas.org\/index.php\/wp-json\/wp\/v2\/media?parent=22298"}],"wp:term":[{"taxonomy":"category","embeddable":true,"href":"http:\/\/staging.ibermusicas.org\/index.php\/wp-json\/wp\/v2\/categories?post=22298"},{"taxonomy":"post_tag","embeddable":true,"href":"http:\/\/staging.ibermusicas.org\/index.php\/wp-json\/wp\/v2\/tags?post=22298"}],"curies":[{"name":"wp","href":"https:\/\/api.w.org\/{rel}","templated":true}]}}