{"id":22300,"date":"2025-04-28T19:08:13","date_gmt":"2025-04-28T19:08:13","guid":{"rendered":"http:\/\/staging.ibermusicas.org\/?p=22300"},"modified":"2025-06-03T15:57:07","modified_gmt":"2025-06-03T15:57:07","slug":"la-compositora-espanola-esther-perez-soriano-presenta-su-obra-la-duda-y-la-deuda-en-el-suena-festival-de-viena-austria","status":"publish","type":"post","link":"http:\/\/staging.ibermusicas.org\/index.php\/la-compositora-espanola-esther-perez-soriano-presenta-su-obra-la-duda-y-la-deuda-en-el-suena-festival-de-viena-austria\/","title":{"rendered":"La compositora espa\u00f1ola Esther P\u00e9rez Soriano presenta su obra \u201cLa duda y la deuda\u201d en el Suena Festival de Viena, Austria"},"content":{"rendered":"<p>Suena Festival f\u00fcr zeitgen\u00f6ssische Musik es una iniciativa de la asociaci\u00f3n SUENA &#8211; Verein zur F\u00f6rderung und Verbreitung neuer Musik, nacida con el firme prop\u00f3sito de ofrecer un espacio anual de di\u00e1logo e intercambio entre audiencias, int\u00e9rpretes y creadores de Austria e Iberoam\u00e9rica.<\/p>\n<p>&nbsp;<\/p>\n<p>Esther P\u00e9rez Soriano ha compuesto una obra para Between Feathers titulada \u201cLa duda y la deuda\u201d, un encargo de Suena Festival con el apoyo del Ministerio Federal de Vivienda, Arte, Cultura, Medios de Comunicaci\u00f3n y Deporte de la Rep\u00fablica de Austria que ser\u00e1 estrenada dentro de las actividades del Suena Festival.<\/p>\n<p>&nbsp;<\/p>\n<p>La presencia de la compositora Esther P\u00e9rez Soriano en el Suena Festival de Austria, se hace posible gracias al apoyo de Iberm\u00fasicas, mediante la l\u00ednea de \u201cAyuda a la circulaci\u00f3n de profesionales de la m\u00fasica\u201d, convocatoria 2024.<\/p>\n<p>&nbsp;<\/p>\n<ul>\n<li>11 de mayo en Festival Suena f\u00fcr zeitgen\u00f6ssische iberoamerikanische Musik, Viena, Austria<\/li>\n<\/ul>\n","protected":false},"excerpt":{"rendered":"<p>Suena Festival f\u00fcr zeitgen\u00f6ssische Musik es una iniciativa de la asociaci\u00f3n SUENA &#8211; Verein zur F\u00f6rderung und Verbreitung neuer Musik, nacida con el firme prop\u00f3sito de ofrecer un espacio anual de di\u00e1logo e intercambio entre audiencias, int\u00e9rpretes y creadores de Austria e Iberoam\u00e9rica. &nbsp; Esther P\u00e9rez Soriano ha compuesto una obra para Between Feathers titulada [&hellip;]<\/p>\n","protected":false},"author":7,"featured_media":22301,"comment_status":"closed","ping_status":"closed","sticky":false,"template":"","format":"standard","meta":{"footnotes":""},"categories":[53],"tags":[],"class_list":["post-22300","post","type-post","status-publish","format-standard","has-post-thumbnail","hentry","category-noticias-generales"],"lang":"es","translations":{"es":22300,"pt":22303},"pll_sync_post":[],"post_mailing_queue_ids":[],"_links":{"self":[{"href":"http:\/\/staging.ibermusicas.org\/index.php\/wp-json\/wp\/v2\/posts\/22300","targetHints":{"allow":["GET"]}}],"collection":[{"href":"http:\/\/staging.ibermusicas.org\/index.php\/wp-json\/wp\/v2\/posts"}],"about":[{"href":"http:\/\/staging.ibermusicas.org\/index.php\/wp-json\/wp\/v2\/types\/post"}],"author":[{"embeddable":true,"href":"http:\/\/staging.ibermusicas.org\/index.php\/wp-json\/wp\/v2\/users\/7"}],"replies":[{"embeddable":true,"href":"http:\/\/staging.ibermusicas.org\/index.php\/wp-json\/wp\/v2\/comments?post=22300"}],"version-history":[{"count":1,"href":"http:\/\/staging.ibermusicas.org\/index.php\/wp-json\/wp\/v2\/posts\/22300\/revisions"}],"predecessor-version":[{"id":22302,"href":"http:\/\/staging.ibermusicas.org\/index.php\/wp-json\/wp\/v2\/posts\/22300\/revisions\/22302"}],"wp:featuredmedia":[{"embeddable":true,"href":"http:\/\/staging.ibermusicas.org\/index.php\/wp-json\/wp\/v2\/media\/22301"}],"wp:attachment":[{"href":"http:\/\/staging.ibermusicas.org\/index.php\/wp-json\/wp\/v2\/media?parent=22300"}],"wp:term":[{"taxonomy":"category","embeddable":true,"href":"http:\/\/staging.ibermusicas.org\/index.php\/wp-json\/wp\/v2\/categories?post=22300"},{"taxonomy":"post_tag","embeddable":true,"href":"http:\/\/staging.ibermusicas.org\/index.php\/wp-json\/wp\/v2\/tags?post=22300"}],"curies":[{"name":"wp","href":"https:\/\/api.w.org\/{rel}","templated":true}]}}