{"id":22303,"date":"2025-04-28T19:09:30","date_gmt":"2025-04-28T19:09:30","guid":{"rendered":"http:\/\/staging.ibermusicas.org\/?p=22303"},"modified":"2025-06-03T16:00:11","modified_gmt":"2025-06-03T16:00:11","slug":"a-compositora-espanhola-esther-perez-soriano-apresenta-sua-obra-la-duda-y-la-deuda-no-suena-festival-de-viena-austria","status":"publish","type":"post","link":"http:\/\/staging.ibermusicas.org\/index.php\/a-compositora-espanhola-esther-perez-soriano-apresenta-sua-obra-la-duda-y-la-deuda-no-suena-festival-de-viena-austria\/","title":{"rendered":"A compositora espanhola Esther P\u00e9rez Soriano apresenta sua obra \u201cLa duda y la deuda\u201d no Suena Festival de Viena, \u00c1ustria"},"content":{"rendered":"<p>O Suena Festival f\u00fcr zeitgen\u00f6ssische Musik \u00e9 uma iniciativa da associa\u00e7\u00e3o SUENA &#8211; Verein zur F\u00f6rderung und Verbreitung neuer Musik, criada com o firme prop\u00f3sito de oferecer um espa\u00e7o anual de di\u00e1logo e interc\u00e2mbio entre p\u00fablicos, int\u00e9rpretes e criadores da \u00c1ustria e da Am\u00e9rica Latina.<\/p>\n<p>&nbsp;<\/p>\n<p>Esther P\u00e9rez Soriano comp\u00f4s uma obra para Between Feathers intitulada \u201cLa duda y la deuda\u201d, uma encomenda do Suena Festival com o apoio do Minist\u00e9rio Federal da Habita\u00e7\u00e3o, Arte, Cultura, M\u00eddia e Esporte da Rep\u00fablica da \u00c1ustria, que ser\u00e1 estreada dentro das atividades do Suena Festival.<\/p>\n<p>&nbsp;<\/p>\n<p>A presen\u00e7a da compositora Esther P\u00e9rez Soriano no Suena Festival da \u00c1ustria \u00e9 poss\u00edvel gra\u00e7as ao apoio do Programa\u00a0 Iberm\u00fasicas, atrav\u00e9s da linha de \u201cApoio \u00e0 circula\u00e7\u00e3o de profissionais da m\u00fasica\u201d, convocat\u00f3ria 2024.<\/p>\n<p>&nbsp;<\/p>\n<ul>\n<li>11 de maio no Festival Suena f\u00fcr zeitgen\u00f6ssische iberoamerikanische Musik, Viena, \u00c1ustria<\/li>\n<\/ul>\n","protected":false},"excerpt":{"rendered":"<p>O Suena Festival f\u00fcr zeitgen\u00f6ssische Musik \u00e9 uma iniciativa da associa\u00e7\u00e3o SUENA &#8211; Verein zur F\u00f6rderung und Verbreitung neuer Musik, criada com o firme prop\u00f3sito de oferecer um espa\u00e7o anual de di\u00e1logo e interc\u00e2mbio entre p\u00fablicos, int\u00e9rpretes e criadores da \u00c1ustria e da Am\u00e9rica Latina. &nbsp; Esther P\u00e9rez Soriano comp\u00f4s uma obra para Between Feathers [&hellip;]<\/p>\n","protected":false},"author":7,"featured_media":22301,"comment_status":"closed","ping_status":"closed","sticky":false,"template":"","format":"standard","meta":{"footnotes":""},"categories":[218],"tags":[],"class_list":["post-22303","post","type-post","status-publish","format-standard","has-post-thumbnail","hentry","category-noticias-generales-pt"],"lang":"pt","translations":{"pt":22303,"es":22300},"pll_sync_post":[],"post_mailing_queue_ids":[],"_links":{"self":[{"href":"http:\/\/staging.ibermusicas.org\/index.php\/wp-json\/wp\/v2\/posts\/22303","targetHints":{"allow":["GET"]}}],"collection":[{"href":"http:\/\/staging.ibermusicas.org\/index.php\/wp-json\/wp\/v2\/posts"}],"about":[{"href":"http:\/\/staging.ibermusicas.org\/index.php\/wp-json\/wp\/v2\/types\/post"}],"author":[{"embeddable":true,"href":"http:\/\/staging.ibermusicas.org\/index.php\/wp-json\/wp\/v2\/users\/7"}],"replies":[{"embeddable":true,"href":"http:\/\/staging.ibermusicas.org\/index.php\/wp-json\/wp\/v2\/comments?post=22303"}],"version-history":[{"count":1,"href":"http:\/\/staging.ibermusicas.org\/index.php\/wp-json\/wp\/v2\/posts\/22303\/revisions"}],"predecessor-version":[{"id":22304,"href":"http:\/\/staging.ibermusicas.org\/index.php\/wp-json\/wp\/v2\/posts\/22303\/revisions\/22304"}],"wp:featuredmedia":[{"embeddable":true,"href":"http:\/\/staging.ibermusicas.org\/index.php\/wp-json\/wp\/v2\/media\/22301"}],"wp:attachment":[{"href":"http:\/\/staging.ibermusicas.org\/index.php\/wp-json\/wp\/v2\/media?parent=22303"}],"wp:term":[{"taxonomy":"category","embeddable":true,"href":"http:\/\/staging.ibermusicas.org\/index.php\/wp-json\/wp\/v2\/categories?post=22303"},{"taxonomy":"post_tag","embeddable":true,"href":"http:\/\/staging.ibermusicas.org\/index.php\/wp-json\/wp\/v2\/tags?post=22303"}],"curies":[{"name":"wp","href":"https:\/\/api.w.org\/{rel}","templated":true}]}}