{"id":22305,"date":"2025-04-28T19:10:47","date_gmt":"2025-04-28T19:10:47","guid":{"rendered":"http:\/\/staging.ibermusicas.org\/?p=22305"},"modified":"2025-06-03T15:56:59","modified_gmt":"2025-06-03T15:56:59","slug":"continua-el-4to-ciclo-anual-de-practicas-de-choro-en-buenos-aires-argentina-2","status":"publish","type":"post","link":"http:\/\/staging.ibermusicas.org\/index.php\/continua-el-4to-ciclo-anual-de-practicas-de-choro-en-buenos-aires-argentina-2\/","title":{"rendered":"Contin\u00faa el 4to Ciclo Anual de Pr\u00e1cticas de Choro en Buenos Aires, Argentina"},"content":{"rendered":"<p>La agrupaci\u00f3n de choro argentina Mistura &amp; Manda, a trav\u00e9s de su proyecto de formaci\u00f3n \u00abChoro Parceiro Argentina\u00bb propone el 4to Ciclo anual de \u00abPr\u00e1cticas de choro\u00bb destinadas a m\u00fasicos\/as que deseen conocer o profundizar sus conocimientos en este hermoso g\u00e9nero musical instrumental t\u00edpicamente carioca. Con la coordinaci\u00f3n de un plantel de m\u00fasicos\/as de trayectoria en el g\u00e9nero, se llevar\u00e1n a cabo diez pr\u00e1cticas de choro con una frecuencia mensual.<\/p>\n<p>&nbsp;<\/p>\n<p>Mistura &amp; Manda es un grupo de m\u00fasicos argentinos dedicado con exclusividad al choro desde hace 20 a\u00f1os. A partir de 2020 suman a su actividad musical la tarea de difundir y ense\u00f1ar el g\u00e9nero musical a trav\u00e9s de su iniciativa Choro Parceiro Argentina, un proyecto que cuenta con el aval institucional de la Escola Port\u00e1til de M\u00fasica &#8211; EPM Rio de Janeiro.<\/p>\n<p>&nbsp;<\/p>\n<p>En la convocatoria 2024 del Programa Iberm\u00fasicas, recibieron el Premio Especial Brasil\/Iberm\u00fasicas otorgado por la FUNARTE (Fundaci\u00f3n Nacional de Arte) de Brasil, sumando as\u00ed otro merecido reconocimiento a su labor, esta vez otorgado desde la m\u00e1xima instituci\u00f3n gubernamental de cultura del pa\u00eds de origen del choro. Este premio especial del Programa Iberm\u00fasicas en colaboraci\u00f3n directa con FUNARTE, pretende mapear ya la vez reconocer, las iniciativas que se dedican a la difusi\u00f3n, investigaci\u00f3n y ense\u00f1anza de las m\u00fasicas de Brasil, en cualquier lugar del mundo y fuera del territorio nacional.<\/p>\n<p>&nbsp;<\/p>\n<ul>\n<li>Pr\u00f3ximos encuentro: 11 de mayo, siempre de 17h a 19h30 en \u00abBar de Fondo\u00bb, Juli\u00e1n \u00c1lvarez 1200, Palermo, Buenos Aires, Argentina<\/li>\n<li>Fechas de los siguientes encuentros: 1ero de junio, 6 de julio, 3 de agosto, 7 de septiembre, 5 de octubre, 2 de noviembre y 14 de diciembre<\/li>\n<li>Inscripciones en: @choroparceiro_argentina<\/li>\n<\/ul>\n","protected":false},"excerpt":{"rendered":"<p>La agrupaci\u00f3n de choro argentina Mistura &amp; Manda, a trav\u00e9s de su proyecto de formaci\u00f3n \u00abChoro Parceiro Argentina\u00bb propone el 4to Ciclo anual de \u00abPr\u00e1cticas de choro\u00bb destinadas a m\u00fasicos\/as que deseen conocer o profundizar sus conocimientos en este hermoso g\u00e9nero musical instrumental t\u00edpicamente carioca. Con la coordinaci\u00f3n de un plantel de m\u00fasicos\/as de trayectoria [&hellip;]<\/p>\n","protected":false},"author":7,"featured_media":22306,"comment_status":"closed","ping_status":"closed","sticky":false,"template":"","format":"standard","meta":{"footnotes":""},"categories":[53],"tags":[],"class_list":["post-22305","post","type-post","status-publish","format-standard","has-post-thumbnail","hentry","category-noticias-generales"],"lang":"es","translations":{"es":22305,"pt":22643},"pll_sync_post":[],"post_mailing_queue_ids":[],"_links":{"self":[{"href":"http:\/\/staging.ibermusicas.org\/index.php\/wp-json\/wp\/v2\/posts\/22305","targetHints":{"allow":["GET"]}}],"collection":[{"href":"http:\/\/staging.ibermusicas.org\/index.php\/wp-json\/wp\/v2\/posts"}],"about":[{"href":"http:\/\/staging.ibermusicas.org\/index.php\/wp-json\/wp\/v2\/types\/post"}],"author":[{"embeddable":true,"href":"http:\/\/staging.ibermusicas.org\/index.php\/wp-json\/wp\/v2\/users\/7"}],"replies":[{"embeddable":true,"href":"http:\/\/staging.ibermusicas.org\/index.php\/wp-json\/wp\/v2\/comments?post=22305"}],"version-history":[{"count":1,"href":"http:\/\/staging.ibermusicas.org\/index.php\/wp-json\/wp\/v2\/posts\/22305\/revisions"}],"predecessor-version":[{"id":22307,"href":"http:\/\/staging.ibermusicas.org\/index.php\/wp-json\/wp\/v2\/posts\/22305\/revisions\/22307"}],"wp:featuredmedia":[{"embeddable":true,"href":"http:\/\/staging.ibermusicas.org\/index.php\/wp-json\/wp\/v2\/media\/22306"}],"wp:attachment":[{"href":"http:\/\/staging.ibermusicas.org\/index.php\/wp-json\/wp\/v2\/media?parent=22305"}],"wp:term":[{"taxonomy":"category","embeddable":true,"href":"http:\/\/staging.ibermusicas.org\/index.php\/wp-json\/wp\/v2\/categories?post=22305"},{"taxonomy":"post_tag","embeddable":true,"href":"http:\/\/staging.ibermusicas.org\/index.php\/wp-json\/wp\/v2\/tags?post=22305"}],"curies":[{"name":"wp","href":"https:\/\/api.w.org\/{rel}","templated":true}]}}