{"id":22310,"date":"2025-04-28T19:14:15","date_gmt":"2025-04-28T19:14:15","guid":{"rendered":"http:\/\/staging.ibermusicas.org\/?p=22310"},"modified":"2025-06-03T15:56:51","modified_gmt":"2025-06-03T15:56:51","slug":"llega-festival-del-cajon-flamenco-cajonea-2025-un-encuentro-cultural-entre-peru-y-espana","status":"publish","type":"post","link":"http:\/\/staging.ibermusicas.org\/index.php\/llega-festival-del-cajon-flamenco-cajonea-2025-un-encuentro-cultural-entre-peru-y-espana\/","title":{"rendered":"Llega \u201cFestival del Caj\u00f3n Flamenco &#8211; Cajonea 2025: Un encuentro cultural entre Per\u00fa y Espa\u00f1a\u201d"},"content":{"rendered":"<p>El proyecto Cajoneada Peruano-Flamenca, liderado por los destacados artistas Marco Oliveros y Ernesto Hermoza, se presentar\u00e1 en el marco del Festival del Caj\u00f3n Flamenco &#8211; Cajoneda 2025 y en la Bienal de Arte Flamenco de M\u00e1laga 2025. Esta iniciativa fusiona los ritmos peruanos y flamencos en un espect\u00e1culo inclusivo que incluye dos cajoneadas, interpretaciones musicales e improvisaciones fusionadas, promoviendo un di\u00e1logo cultural entre ambos pa\u00edses.<\/p>\n<p>&nbsp;<\/p>\n<p>Adem\u00e1s del espect\u00e1culo principal, el proyecto contempla talleres de caj\u00f3n reciclado y actividades en colegios locales, donde ni\u00f1os y j\u00f3venes aprender\u00e1n a tocar el caj\u00f3n, fomentando el inter\u00e9s por la m\u00fasica y la cultura de manera l\u00fadica. Estas actividades buscan celebrar la diversidad cultural creando un espacio donde todas las personas, sin importar su edad, g\u00e9nero o situaci\u00f3n, puedan disfrutar de la m\u00fasica sin exclusiones.<\/p>\n<p>&nbsp;<\/p>\n<p>El caj\u00f3n, instrumento emblem\u00e1tico de la m\u00fasica peruana y esencial en el flamenco, ser\u00e1 el protagonista de este encuentro. A trav\u00e9s de este proyecto, se busca ense\u00f1ar al p\u00fablico espa\u00f1ol los patrones r\u00edtmicos peruanos y flamencos, resaltando las similitudes entre ambos estilos y facilitando un enriquecedor intercambio cultural.<\/p>\n<p>&nbsp;<\/p>\n<p>Marco Oliveros es un percusionista de gran trayectoria, ha sido integrante de la Orquesta Sinf\u00f3nica Nacional del Per\u00fa y miembro fundador de la Orquesta Filarm\u00f3nica de Lima. Con dos r\u00e9cords Guinness por cajoneadas masivas, ha colaborado con artistas como Il Divo, Gypsy Kings y Arturo Sandoval.<\/p>\n<p>&nbsp;<\/p>\n<p>Ernesto Hermoza, primera guitarra flamenca del Per\u00fa, es reconocido por su fusi\u00f3n de g\u00e9neros criollo, afroperuano, flamenco y jazz. Ha trabajado con artistas como Joaqu\u00edn Sabina y Susana Baca, y cuenta con cuatro nominaciones al Grammy Latino.<\/p>\n<p>&nbsp;<\/p>\n<p>Este proyecto, ganador de la convocatoria 2024 del Programa Iberm\u00fasicas en la l\u00ednea de \u201cAyuda a la circulaci\u00f3n de profesionales de la m\u00fasica\u201d, no solo celebra el legado cultural compartido entre Per\u00fa y Espa\u00f1a, sino que tambi\u00e9n promueve la sostenibilidad a trav\u00e9s del taller de caj\u00f3n reciclado y fomenta el aprendizaje musical en las nuevas generaciones.<\/p>\n<p>&nbsp;<\/p>\n<p>&nbsp;<\/p>\n<ul>\n<li>Del 15 al 30 de mayo Torrox y Plaza de la Merced, M\u00e1laga.<\/li>\n<li>24 de mayo: Espect\u00e1culo principal: Cajoneada en la Plaza de la Merced, M\u00e1laga.<\/li>\n<\/ul>\n","protected":false},"excerpt":{"rendered":"<p>El proyecto Cajoneada Peruano-Flamenca, liderado por los destacados artistas Marco Oliveros y Ernesto Hermoza, se presentar\u00e1 en el marco del Festival del Caj\u00f3n Flamenco &#8211; Cajoneda 2025 y en la Bienal de Arte Flamenco de M\u00e1laga 2025. Esta iniciativa fusiona los ritmos peruanos y flamencos en un espect\u00e1culo inclusivo que incluye dos cajoneadas, interpretaciones musicales [&hellip;]<\/p>\n","protected":false},"author":7,"featured_media":22311,"comment_status":"closed","ping_status":"closed","sticky":false,"template":"","format":"standard","meta":{"footnotes":""},"categories":[53],"tags":[],"class_list":["post-22310","post","type-post","status-publish","format-standard","has-post-thumbnail","hentry","category-noticias-generales"],"lang":"es","translations":{"es":22310,"pt":22313},"pll_sync_post":[],"post_mailing_queue_ids":[],"_links":{"self":[{"href":"http:\/\/staging.ibermusicas.org\/index.php\/wp-json\/wp\/v2\/posts\/22310","targetHints":{"allow":["GET"]}}],"collection":[{"href":"http:\/\/staging.ibermusicas.org\/index.php\/wp-json\/wp\/v2\/posts"}],"about":[{"href":"http:\/\/staging.ibermusicas.org\/index.php\/wp-json\/wp\/v2\/types\/post"}],"author":[{"embeddable":true,"href":"http:\/\/staging.ibermusicas.org\/index.php\/wp-json\/wp\/v2\/users\/7"}],"replies":[{"embeddable":true,"href":"http:\/\/staging.ibermusicas.org\/index.php\/wp-json\/wp\/v2\/comments?post=22310"}],"version-history":[{"count":1,"href":"http:\/\/staging.ibermusicas.org\/index.php\/wp-json\/wp\/v2\/posts\/22310\/revisions"}],"predecessor-version":[{"id":22312,"href":"http:\/\/staging.ibermusicas.org\/index.php\/wp-json\/wp\/v2\/posts\/22310\/revisions\/22312"}],"wp:featuredmedia":[{"embeddable":true,"href":"http:\/\/staging.ibermusicas.org\/index.php\/wp-json\/wp\/v2\/media\/22311"}],"wp:attachment":[{"href":"http:\/\/staging.ibermusicas.org\/index.php\/wp-json\/wp\/v2\/media?parent=22310"}],"wp:term":[{"taxonomy":"category","embeddable":true,"href":"http:\/\/staging.ibermusicas.org\/index.php\/wp-json\/wp\/v2\/categories?post=22310"},{"taxonomy":"post_tag","embeddable":true,"href":"http:\/\/staging.ibermusicas.org\/index.php\/wp-json\/wp\/v2\/tags?post=22310"}],"curies":[{"name":"wp","href":"https:\/\/api.w.org\/{rel}","templated":true}]}}