{"id":22313,"date":"2025-04-28T19:15:28","date_gmt":"2025-04-28T19:15:28","guid":{"rendered":"http:\/\/staging.ibermusicas.org\/?p=22313"},"modified":"2025-06-03T15:59:52","modified_gmt":"2025-06-03T15:59:52","slug":"o-festival-del-cajon-flamenco-cajonea-2025-um-encontro-cultural-entre-peru-e-espanha-esta-chegando","status":"publish","type":"post","link":"http:\/\/staging.ibermusicas.org\/index.php\/o-festival-del-cajon-flamenco-cajonea-2025-um-encontro-cultural-entre-peru-e-espanha-esta-chegando\/","title":{"rendered":"O \u201cFestival del Caj\u00f3n Flamenco &#8211; Cajonea 2025: Um encontro cultural entre Peru e Espanha\u201d est\u00e1 chegando\u201d"},"content":{"rendered":"<p>O projeto Cajoneada Peruana-Flamenca, liderado pelos destacados artistas Marco Oliveros e Ernesto Hermoza, ser\u00e1 apresentado como parte do Festival del Caj\u00f3n Flamenco &#8211; Cajoneda 2025 e na Bienal de Arte Flamenca de M\u00e1laga 2025. Essa iniciativa funde os ritmos peruano e flamenco em um show que inclui duas cajoneadas, interpreta\u00e7\u00f5es musicais e improvisa\u00e7\u00f5es fundidas, promovendo um di\u00e1logo cultural entre os dois pa\u00edses.<\/p>\n<p>Al\u00e9m do show principal, o projeto inclui oficinas de caj\u00f3n reciclado e atividades em escolas locais, onde crian\u00e7as e jovens aprender\u00e3o a tocar o caj\u00f3n, incentivando o interesse pela m\u00fasica e pela cultura de forma l\u00fadica. Essas atividades t\u00eam como objetivo celebrar a diversidade cultural, criando um espa\u00e7o onde todos, independentemente da idade, g\u00eanero ou situa\u00e7\u00e3o, possam desfrutar da m\u00fasica sem exclus\u00e3o.<\/p>\n<p>O caj\u00f3n, um instrumento emblem\u00e1tico da m\u00fasica peruana e essencial no flamenco, ser\u00e1 o protagonista desse encontro. Por meio desse projeto, o objetivo \u00e9 ensinar ao p\u00fablico espanhol padr\u00f5es r\u00edtmicos peruanos e flamencos, destacando as semelhan\u00e7as entre os dois estilos e facilitando um interc\u00e2mbio cultural enriquecedor.<\/p>\n<p>Marco Oliveros \u00e9 um percussionista de grande trajet\u00f3ria, foi membro da Orquestra Sinf\u00f4nica Nacional do Peru e membro fundador da Orquestra Filarm\u00f4nica de Lima. Com dois recordes mundiais do Guinness para cajoneadas em massa, ele colaborou com artistas como Il Divo, Gypsy Kings e Arturo Sandoval.<\/p>\n<p>&nbsp;<\/p>\n<p>Ernesto Hermoza, o primeiro guitarrista de flamenco do Peru, \u00e9 conhecido por sua fus\u00e3o dos g\u00eaneros crioulo, afro-peruano, flamenco e jazz. Ele j\u00e1 trabalhou com artistas como Joaqu\u00edn Sabina e Susana Baca, e tem quatro indica\u00e7\u00f5es ao Grammy Latino.<\/p>\n<p>Esse projeto, vencedor da convocat\u00f3ria 2024 do Programa Iberm\u00fasicas na linha de \u201cApoio \u00e0 circula\u00e7\u00e3o de profissionais da m\u00fasica\u201d, n\u00e3o s\u00f3 celebra o legado cultural compartilhado entre Peru e Espanha, mas tamb\u00e9m promove a sustentabilidade por meio da oficina de caj\u00f3n reciclado e incentiva o aprendizado musical nas novas gera\u00e7\u00f5es.<\/p>\n<ul>\n<li>De 15 a 30 de maio, Torrox e Plaza de la Merced, M\u00e1laga.<\/li>\n<li>24 de maio: Show principal: Cajoneada na Plaza de la Merced, M\u00e1laga.<\/li>\n<\/ul>\n","protected":false},"excerpt":{"rendered":"<p>O projeto Cajoneada Peruana-Flamenca, liderado pelos destacados artistas Marco Oliveros e Ernesto Hermoza, ser\u00e1 apresentado como parte do Festival del Caj\u00f3n Flamenco &#8211; Cajoneda 2025 e na Bienal de Arte Flamenca de M\u00e1laga 2025. Essa iniciativa funde os ritmos peruano e flamenco em um show que inclui duas cajoneadas, interpreta\u00e7\u00f5es musicais e improvisa\u00e7\u00f5es fundidas, promovendo [&hellip;]<\/p>\n","protected":false},"author":7,"featured_media":22311,"comment_status":"closed","ping_status":"closed","sticky":false,"template":"","format":"standard","meta":{"footnotes":""},"categories":[218],"tags":[],"class_list":["post-22313","post","type-post","status-publish","format-standard","has-post-thumbnail","hentry","category-noticias-generales-pt"],"lang":"pt","translations":{"pt":22313,"es":22310},"pll_sync_post":[],"post_mailing_queue_ids":[],"_links":{"self":[{"href":"http:\/\/staging.ibermusicas.org\/index.php\/wp-json\/wp\/v2\/posts\/22313","targetHints":{"allow":["GET"]}}],"collection":[{"href":"http:\/\/staging.ibermusicas.org\/index.php\/wp-json\/wp\/v2\/posts"}],"about":[{"href":"http:\/\/staging.ibermusicas.org\/index.php\/wp-json\/wp\/v2\/types\/post"}],"author":[{"embeddable":true,"href":"http:\/\/staging.ibermusicas.org\/index.php\/wp-json\/wp\/v2\/users\/7"}],"replies":[{"embeddable":true,"href":"http:\/\/staging.ibermusicas.org\/index.php\/wp-json\/wp\/v2\/comments?post=22313"}],"version-history":[{"count":1,"href":"http:\/\/staging.ibermusicas.org\/index.php\/wp-json\/wp\/v2\/posts\/22313\/revisions"}],"predecessor-version":[{"id":22314,"href":"http:\/\/staging.ibermusicas.org\/index.php\/wp-json\/wp\/v2\/posts\/22313\/revisions\/22314"}],"wp:featuredmedia":[{"embeddable":true,"href":"http:\/\/staging.ibermusicas.org\/index.php\/wp-json\/wp\/v2\/media\/22311"}],"wp:attachment":[{"href":"http:\/\/staging.ibermusicas.org\/index.php\/wp-json\/wp\/v2\/media?parent=22313"}],"wp:term":[{"taxonomy":"category","embeddable":true,"href":"http:\/\/staging.ibermusicas.org\/index.php\/wp-json\/wp\/v2\/categories?post=22313"},{"taxonomy":"post_tag","embeddable":true,"href":"http:\/\/staging.ibermusicas.org\/index.php\/wp-json\/wp\/v2\/tags?post=22313"}],"curies":[{"name":"wp","href":"https:\/\/api.w.org\/{rel}","templated":true}]}}