{"id":22315,"date":"2025-04-28T19:16:54","date_gmt":"2025-04-28T19:16:54","guid":{"rendered":"http:\/\/staging.ibermusicas.org\/?p=22315"},"modified":"2025-06-03T15:56:44","modified_gmt":"2025-06-03T15:56:44","slug":"el-juan-pablo-navarro-quinteto-de-argentina-iniciara-una-gira-europea","status":"publish","type":"post","link":"http:\/\/staging.ibermusicas.org\/index.php\/el-juan-pablo-navarro-quinteto-de-argentina-iniciara-una-gira-europea\/","title":{"rendered":"El Juan Pablo Navarro quinteto, de Argentina, iniciar\u00e1 una gira europea"},"content":{"rendered":"<p>La agrupaci\u00f3n brindar\u00e1 una serie de conciertos, masterclass y charlas en distintos escenarios de Europa presentando \u201cVisiones Pand\u00e9micas\u201d, su \u00faltimo \u00e1lbum focalizado en el tango, el p\u00fablico joven y su impacto en el enriquecimiento cognitivo, socio-cultural y la sensibilidad.<\/p>\n<p>&nbsp;<\/p>\n<p>Con un mensaje potente e intimista, en donde se confunden postales de un nuevo sonido de Buenos Aires, Juan Pablo Navarro Quinteto es considerado por la cr\u00edtica especializada, colegas y seguidores, como uno de los mayores exponentes de la escena musical actual. La novedosa propuesta se sumerge en m\u00fasicas con ra\u00edz en el tango y con fuertes influencias del jazz y la m\u00fasica contempor\u00e1nea.<\/p>\n<p>&nbsp;<\/p>\n<p>El grupo se present\u00f3 en las principales salas de la Argentina. En mayo de 2019 realiz\u00f3 una gira por Europa, brindando conciertos en teatros de renombre como De Doelen en Rotterdam y Bozar en Bruselas. Tambi\u00e9n a fines de ese a\u00f1o, en el Centro Cultural Kirchner, estren\u00f3 Avalancha, una obra de car\u00e1cter concertante concebida especialmente por Navarro para su septeto junto a la Orquesta Nacional de M\u00fasica Argentina Juan de Dios Filiberto en la que conviven el tango contempor\u00e1neo con la m\u00fasica argentina de tradici\u00f3n sinf\u00f3nica.<\/p>\n<p>&nbsp;<\/p>\n<p>La agrupaci\u00f3n presentar\u00e1 material de sus tres discos: \u201cTangos de la Posverdad\u201d, \u201cLos dopados, la m\u00fasica de Juan Carlos Cobi\u00e1n\u201d y su \u00faltimo \u00e1lbum \u201cVisiones Pand\u00e9micas\u201d, todos ellos editados por el Club del Disco y nominados para los premios Carlos Gardel.<\/p>\n<p>&nbsp;<\/p>\n<p>Lierados por Juan Pablo Navarro en contrabajo, composici\u00f3n y arreglos, completan la formaci\u00f3n Julia Sanjurjo en voz, Renato Venturini en bandone\u00f3n,\u00a0 Juan Pablo Arredondo en guitarra el\u00e9ctrica,y\u00a0 Xavier Gainche en piano.<\/p>\n<p>&nbsp;<\/p>\n<p>La gira europea del Juan Pablo Navarro Quinteto se hace posible gracias al apoyo del Programa Iberm\u00fasicas mediante su l\u00ednea de \u201cAyuda a la circulaci\u00f3n de profesionales de la m\u00fasica\u201d, convocatoria 2024<\/p>\n<ul>\n<li>15 de mayo: Masterclass y Charla Sax &amp; Clarinet en Barcelona, Espa\u00f1a<\/li>\n<li>16 de mayo: Concierto en Auditori Saint Marti, Barcelona, Espa\u00f1a<\/li>\n<li>17 de mayo:Taller para cuerdas y Concierto en Sociedad Musical de Tres Forques, Valencia, Espa\u00f1a<\/li>\n<li>19 de mayo: Cierre del Festival Libertango de Sofia, Bulgaria<\/li>\n<li>22 y 23 de mayo: Masterclass de Tango en Barnens Scen, Malm\u00f6, Suecia<\/li>\n<li>26 de mayo: Workshop y Concierto en Conservatoire Edgard Varese, Genneviliers, Francia<\/li>\n<li>28 de mayo: Concierto en Le Taquin ,Toulouse, Francia<\/li>\n<li>29 al 31 de mayo: Workshop y Concierto en Festival Roulotte Tango, Firminy, Francia<\/li>\n<li>7 de junio: Concierto en Aulten Schlachthof Eupen, B\u00e9lgica<\/li>\n<li>8 de junio: Concierto en Alterumfabrik ,Basel, Suiza<\/li>\n<li>9 de junio: Master class y Concierto en Lucerne University of Applied Sciences and Arts, Suiza<\/li>\n<li>13 de junio: Concierto en Het White Paard ,Rotterdam, Pa\u00edses Bajos<\/li>\n<\/ul>\n","protected":false},"excerpt":{"rendered":"<p>La agrupaci\u00f3n brindar\u00e1 una serie de conciertos, masterclass y charlas en distintos escenarios de Europa presentando \u201cVisiones Pand\u00e9micas\u201d, su \u00faltimo \u00e1lbum focalizado en el tango, el p\u00fablico joven y su impacto en el enriquecimiento cognitivo, socio-cultural y la sensibilidad. &nbsp; Con un mensaje potente e intimista, en donde se confunden postales de un nuevo sonido [&hellip;]<\/p>\n","protected":false},"author":7,"featured_media":22316,"comment_status":"closed","ping_status":"closed","sticky":false,"template":"","format":"standard","meta":{"footnotes":""},"categories":[53],"tags":[],"class_list":["post-22315","post","type-post","status-publish","format-standard","has-post-thumbnail","hentry","category-noticias-generales"],"lang":"es","translations":{"es":22315,"pt":22318},"pll_sync_post":[],"post_mailing_queue_ids":[],"_links":{"self":[{"href":"http:\/\/staging.ibermusicas.org\/index.php\/wp-json\/wp\/v2\/posts\/22315","targetHints":{"allow":["GET"]}}],"collection":[{"href":"http:\/\/staging.ibermusicas.org\/index.php\/wp-json\/wp\/v2\/posts"}],"about":[{"href":"http:\/\/staging.ibermusicas.org\/index.php\/wp-json\/wp\/v2\/types\/post"}],"author":[{"embeddable":true,"href":"http:\/\/staging.ibermusicas.org\/index.php\/wp-json\/wp\/v2\/users\/7"}],"replies":[{"embeddable":true,"href":"http:\/\/staging.ibermusicas.org\/index.php\/wp-json\/wp\/v2\/comments?post=22315"}],"version-history":[{"count":1,"href":"http:\/\/staging.ibermusicas.org\/index.php\/wp-json\/wp\/v2\/posts\/22315\/revisions"}],"predecessor-version":[{"id":22317,"href":"http:\/\/staging.ibermusicas.org\/index.php\/wp-json\/wp\/v2\/posts\/22315\/revisions\/22317"}],"wp:featuredmedia":[{"embeddable":true,"href":"http:\/\/staging.ibermusicas.org\/index.php\/wp-json\/wp\/v2\/media\/22316"}],"wp:attachment":[{"href":"http:\/\/staging.ibermusicas.org\/index.php\/wp-json\/wp\/v2\/media?parent=22315"}],"wp:term":[{"taxonomy":"category","embeddable":true,"href":"http:\/\/staging.ibermusicas.org\/index.php\/wp-json\/wp\/v2\/categories?post=22315"},{"taxonomy":"post_tag","embeddable":true,"href":"http:\/\/staging.ibermusicas.org\/index.php\/wp-json\/wp\/v2\/tags?post=22315"}],"curies":[{"name":"wp","href":"https:\/\/api.w.org\/{rel}","templated":true}]}}