{"id":22318,"date":"2025-04-28T19:18:20","date_gmt":"2025-04-28T19:18:20","guid":{"rendered":"http:\/\/staging.ibermusicas.org\/?p=22318"},"modified":"2025-06-03T15:59:44","modified_gmt":"2025-06-03T15:59:44","slug":"o-quinteto-juan-pablo-navarro-da-argentina-iniciara-uma-turne-pela-europa","status":"publish","type":"post","link":"http:\/\/staging.ibermusicas.org\/index.php\/o-quinteto-juan-pablo-navarro-da-argentina-iniciara-uma-turne-pela-europa\/","title":{"rendered":"O Quinteto Juan Pablo Navarro, da Argentina, iniciar\u00e1 uma turn\u00ea pela Europa"},"content":{"rendered":"<p>O grupo dar\u00e1 uma s\u00e9rie de concertos, masterclasses e palestras em diferentes locais da Europa, apresentando \u201cVisiones Pand\u00e9micas\u201d, seu mais recente \u00e1lbum focado no tango, no p\u00fablico jovem e em seu impacto no enriquecimento cognitivo, sociocultural e na sensibilidade.<\/p>\n<p>&nbsp;<\/p>\n<p>Com uma mensagem poderosa e \u00edntima, onde se misturam cart\u00f5es postais de um novo som de Buenos Aires, Juan Pablo Navarro Quinteto \u00e9 considerado pela cr\u00edtica especializada, colegas e seguidores, como um dos maiores expoentes da cena musical atual. A proposta inovadora est\u00e1 imersa na m\u00fasica com ra\u00edzes no tango e com fortes influ\u00eancias do jazz e da m\u00fasica contempor\u00e2nea.<\/p>\n<p>&nbsp;<\/p>\n<p>O grupo j\u00e1 se apresentou nas principais casas de shows da Argentina. Em maio de 2019, fizeram uma turn\u00ea pela Europa, dando concertos em teatros renomados, como o De Doelen, em Roterd\u00e3, e o Bozar, em Bruxelas. Tamb\u00e9m no final desse ano, no Centro Cultural Kirchner, estreou Avalancha, uma obra concertante especialmente concebida por Navarro para seu septeto junto com a Orquestra Nacional de M\u00fasica Argentina Juan de Dios Filiberto, na qual o tango contempor\u00e2neo convive com a m\u00fasica argentina de tradi\u00e7\u00e3o sinf\u00f4nica.<\/p>\n<p>&nbsp;<\/p>\n<p>O grupo apresentar\u00e1 material de seus tr\u00eas \u00e1lbuns: \u201cTangos de la Posverdad\u201d, \u201cLos dopados, la m\u00fasica de Juan Carlos Cobi\u00e1n\u201d e seu \u00faltimo \u00e1lbum \u201cVisiones Pand\u00e9micas\u201d, todos eles lan\u00e7ados pelo Club del Disco e indicados para os pr\u00eamios Carlos Gardel.<\/p>\n<p>&nbsp;<\/p>\n<p>Liderada por Juan Pablo Navarro no contrabaixo, composi\u00e7\u00e3o e arranjos, a banda \u00e9 completada por Julia Sanjurjo nos vocais, Renato Venturini no band\u00f4nio, Juan Pablo Arredondo na guitarra el\u00e9trica e Xavier Gainche no piano.<\/p>\n<p>&nbsp;<\/p>\n<p>A turn\u00ea europeia do Quinteto Juan Pablo Navarro \u00e9 poss\u00edvel gra\u00e7as ao apoio do Programa Iberm\u00fasicas atrav\u00e9s de sua linha de \u201cApoio \u00e0 circula\u00e7\u00e3o de profissionais da m\u00fasica\u201d, chamada 2024.<\/p>\n<p>&nbsp;<\/p>\n<ul>\n<li>15 de maio: Masterclass e Sax &amp; Clarinet Talk em Barcelona, Espanha<\/li>\n<li>16 de maio: Concerto no Auditori Saint Marti, Barcelona, Espanha<\/li>\n<li>17 de maio: Workshop de cordas e concerto na Sociedad Musical de Tres Forques, Val\u00eancia, Espanha<\/li>\n<li>19 de maio: Encerramento do Libertango Festival, Sofia, Bulg\u00e1ria<\/li>\n<li>22 e 23 de maio: Masterclass de tango no Barnens Scen, Malm\u00f6, Su\u00e9cia<\/li>\n<li>26 de maio: Workshop e concerto no Conservatoire Edgard Varese, Genneviliers, Fran\u00e7a<\/li>\n<li>28 de maio: Concerto no Le Taquin, Toulouse, Fran\u00e7a<\/li>\n<li>29 a 31 de maio: Workshop e concerto no Festival Roulotte Tango, Firminy, Fran\u00e7a<\/li>\n<li>7 de junho: Concerto no Aulten Schlachthof Eupen, B\u00e9lgica<\/li>\n<li>8 de junho: Concerto no Alterumfabrik, Basil\u00e9ia, Su\u00ed\u00e7a<\/li>\n<li>9 de junho: Master class e concerto na Lucerne University of Applied Sciences and Arts, Su\u00ed\u00e7a<\/li>\n<li>13 de junho: Concerto no Het White Paard, Roterd\u00e3, Holanda<\/li>\n<\/ul>\n","protected":false},"excerpt":{"rendered":"<p>O grupo dar\u00e1 uma s\u00e9rie de concertos, masterclasses e palestras em diferentes locais da Europa, apresentando \u201cVisiones Pand\u00e9micas\u201d, seu mais recente \u00e1lbum focado no tango, no p\u00fablico jovem e em seu impacto no enriquecimento cognitivo, sociocultural e na sensibilidade. &nbsp; Com uma mensagem poderosa e \u00edntima, onde se misturam cart\u00f5es postais de um novo som [&hellip;]<\/p>\n","protected":false},"author":7,"featured_media":22316,"comment_status":"closed","ping_status":"closed","sticky":false,"template":"","format":"standard","meta":{"footnotes":""},"categories":[218],"tags":[],"class_list":["post-22318","post","type-post","status-publish","format-standard","has-post-thumbnail","hentry","category-noticias-generales-pt"],"lang":"pt","translations":{"pt":22318,"es":22315},"pll_sync_post":[],"post_mailing_queue_ids":[],"_links":{"self":[{"href":"http:\/\/staging.ibermusicas.org\/index.php\/wp-json\/wp\/v2\/posts\/22318","targetHints":{"allow":["GET"]}}],"collection":[{"href":"http:\/\/staging.ibermusicas.org\/index.php\/wp-json\/wp\/v2\/posts"}],"about":[{"href":"http:\/\/staging.ibermusicas.org\/index.php\/wp-json\/wp\/v2\/types\/post"}],"author":[{"embeddable":true,"href":"http:\/\/staging.ibermusicas.org\/index.php\/wp-json\/wp\/v2\/users\/7"}],"replies":[{"embeddable":true,"href":"http:\/\/staging.ibermusicas.org\/index.php\/wp-json\/wp\/v2\/comments?post=22318"}],"version-history":[{"count":1,"href":"http:\/\/staging.ibermusicas.org\/index.php\/wp-json\/wp\/v2\/posts\/22318\/revisions"}],"predecessor-version":[{"id":22319,"href":"http:\/\/staging.ibermusicas.org\/index.php\/wp-json\/wp\/v2\/posts\/22318\/revisions\/22319"}],"wp:featuredmedia":[{"embeddable":true,"href":"http:\/\/staging.ibermusicas.org\/index.php\/wp-json\/wp\/v2\/media\/22316"}],"wp:attachment":[{"href":"http:\/\/staging.ibermusicas.org\/index.php\/wp-json\/wp\/v2\/media?parent=22318"}],"wp:term":[{"taxonomy":"category","embeddable":true,"href":"http:\/\/staging.ibermusicas.org\/index.php\/wp-json\/wp\/v2\/categories?post=22318"},{"taxonomy":"post_tag","embeddable":true,"href":"http:\/\/staging.ibermusicas.org\/index.php\/wp-json\/wp\/v2\/tags?post=22318"}],"curies":[{"name":"wp","href":"https:\/\/api.w.org\/{rel}","templated":true}]}}