{"id":22320,"date":"2025-04-28T19:20:19","date_gmt":"2025-04-28T19:20:19","guid":{"rendered":"http:\/\/staging.ibermusicas.org\/?p=22320"},"modified":"2025-06-03T15:56:36","modified_gmt":"2025-06-03T15:56:36","slug":"la-negra-mexa-de-mexico-inicia-sus-estudios-de-especializacion-con-tres-grandes-acordeonistas-colombianos","status":"publish","type":"post","link":"http:\/\/staging.ibermusicas.org\/index.php\/la-negra-mexa-de-mexico-inicia-sus-estudios-de-especializacion-con-tres-grandes-acordeonistas-colombianos\/","title":{"rendered":"La Negra Mexa, de M\u00e9xico, inicia sus estudios de especializaci\u00f3n con tres grandes acordeonistas colombianos"},"content":{"rendered":"<p>La Negra Mexa realizar\u00e1 una residencia con tres maestros acordeoneros tradicionales del Caribe Colombiano para la especializaci\u00f3n y perfeccionamiento del acorde\u00f3n diat\u00f3nico. Esta residencia se enfocar\u00e1 en abordar los ritmos y g\u00e9neros pertenecientes a las m\u00fasicas de acorde\u00f3n tradicionales de esta regi\u00f3n como son la Cumbia, Porro y Vallenato.<\/p>\n<p>&nbsp;<\/p>\n<p>Esta especializaci\u00f3n consistir\u00e1 en talleres personalizados, donde se abordar\u00e1n las t\u00e9cnicas de ejecuci\u00f3n, interpretaci\u00f3n, arreglos y composici\u00f3n. Los talleres se llevar\u00e1n a cabo con los maestros Carmelo Torres y Yeison Landero en San Jacinto, Bol\u00edvar y el maestro Andres \u201cel Turco\u201d Gil en Valledupar.<\/p>\n<p>&nbsp;<\/p>\n<p>Finalmente, durante el mes de septiembre se realizar\u00e1 la grabaci\u00f3n de un EP que se llevar\u00e1 a cabo de la mano de Hanibal Hern\u00e1ndez en el estudio Bazurto Music en Cartagena, Colombia con asesor\u00eda de producci\u00f3n de Yeison Landero.<\/p>\n<p>&nbsp;<\/p>\n<p>Esta Residencia en Colombia se hace posible gracias al apoyo de Iberm\u00fasica mediante su l\u00ednea de \u201cAyuda a la especializaci\u00f3n y el perfeccionamiento art\u00edstico y t\u00e9cnico\u201d, convocatoria 2024.<\/p>\n","protected":false},"excerpt":{"rendered":"<p>La Negra Mexa realizar\u00e1 una residencia con tres maestros acordeoneros tradicionales del Caribe Colombiano para la especializaci\u00f3n y perfeccionamiento del acorde\u00f3n diat\u00f3nico. Esta residencia se enfocar\u00e1 en abordar los ritmos y g\u00e9neros pertenecientes a las m\u00fasicas de acorde\u00f3n tradicionales de esta regi\u00f3n como son la Cumbia, Porro y Vallenato. &nbsp; Esta especializaci\u00f3n consistir\u00e1 en talleres [&hellip;]<\/p>\n","protected":false},"author":7,"featured_media":22423,"comment_status":"closed","ping_status":"closed","sticky":false,"template":"","format":"standard","meta":{"footnotes":""},"categories":[53],"tags":[],"class_list":["post-22320","post","type-post","status-publish","format-standard","has-post-thumbnail","hentry","category-noticias-generales"],"lang":"es","translations":{"es":22320,"pt":22323},"pll_sync_post":[],"post_mailing_queue_ids":[],"_links":{"self":[{"href":"http:\/\/staging.ibermusicas.org\/index.php\/wp-json\/wp\/v2\/posts\/22320","targetHints":{"allow":["GET"]}}],"collection":[{"href":"http:\/\/staging.ibermusicas.org\/index.php\/wp-json\/wp\/v2\/posts"}],"about":[{"href":"http:\/\/staging.ibermusicas.org\/index.php\/wp-json\/wp\/v2\/types\/post"}],"author":[{"embeddable":true,"href":"http:\/\/staging.ibermusicas.org\/index.php\/wp-json\/wp\/v2\/users\/7"}],"replies":[{"embeddable":true,"href":"http:\/\/staging.ibermusicas.org\/index.php\/wp-json\/wp\/v2\/comments?post=22320"}],"version-history":[{"count":1,"href":"http:\/\/staging.ibermusicas.org\/index.php\/wp-json\/wp\/v2\/posts\/22320\/revisions"}],"predecessor-version":[{"id":22322,"href":"http:\/\/staging.ibermusicas.org\/index.php\/wp-json\/wp\/v2\/posts\/22320\/revisions\/22322"}],"wp:featuredmedia":[{"embeddable":true,"href":"http:\/\/staging.ibermusicas.org\/index.php\/wp-json\/wp\/v2\/media\/22423"}],"wp:attachment":[{"href":"http:\/\/staging.ibermusicas.org\/index.php\/wp-json\/wp\/v2\/media?parent=22320"}],"wp:term":[{"taxonomy":"category","embeddable":true,"href":"http:\/\/staging.ibermusicas.org\/index.php\/wp-json\/wp\/v2\/categories?post=22320"},{"taxonomy":"post_tag","embeddable":true,"href":"http:\/\/staging.ibermusicas.org\/index.php\/wp-json\/wp\/v2\/tags?post=22320"}],"curies":[{"name":"wp","href":"https:\/\/api.w.org\/{rel}","templated":true}]}}