{"id":22323,"date":"2025-04-28T19:22:11","date_gmt":"2025-04-28T19:22:11","guid":{"rendered":"http:\/\/staging.ibermusicas.org\/?p=22323"},"modified":"2025-06-03T15:59:35","modified_gmt":"2025-06-03T15:59:35","slug":"la-negra-mexa-do-mexico-inicia-seus-estudos-de-especializacao-com-tres-grandes-acordeonistas-colombianos","status":"publish","type":"post","link":"http:\/\/staging.ibermusicas.org\/index.php\/la-negra-mexa-do-mexico-inicia-seus-estudos-de-especializacao-com-tres-grandes-acordeonistas-colombianos\/","title":{"rendered":"La Negra Mexa, do M\u00e9xico, inicia seus estudos de especializa\u00e7\u00e3o com tr\u00eas grandes acordeonistas colombianos"},"content":{"rendered":"<p>La Negra Mexa estar\u00e1 em resid\u00eancia com tr\u00eas mestres tradicionais do acorde\u00e3o do Caribe colombiano para se especializar e aperfei\u00e7oar o acorde\u00e3o diat\u00f4nico. Essa resid\u00eancia se concentrar\u00e1 nos ritmos e g\u00eaneros pertencentes \u00e0 m\u00fasica tradicional de acorde\u00e3o dessa regi\u00e3o, como Cumbia, Porro e Vallenato.<\/p>\n<p>&nbsp;<\/p>\n<p>Essa especializa\u00e7\u00e3o consistir\u00e1 em workshops personalizados, nos quais ser\u00e3o abordadas t\u00e9cnicas de performance, interpreta\u00e7\u00e3o, arranjos e composi\u00e7\u00e3o. Os workshops ser\u00e3o realizados com os maestros Carmelo Torres e Yeison Landero em San Jacinto, Bol\u00edvar, e com o maestro Andr\u00e9s \u201cel Turco\u201d Gil em Valledupar.<\/p>\n<p>&nbsp;<\/p>\n<p>Finalmente, durante o m\u00eas de setembro, um EP ser\u00e1 gravado por Hanibal Hern\u00e1ndez no est\u00fadio Bazurto Music em Cartagena, Col\u00f4mbia, com a consultoria de produ\u00e7\u00e3o de Yeison Landero.<\/p>\n<p>&nbsp;<\/p>\n<p>Esta resid\u00eancia na Col\u00f4mbia \u00e9 poss\u00edvel gra\u00e7as ao apoio do Iberm\u00fasica atrav\u00e9s de sua linha de \u201cApoio para especializa\u00e7\u00e3o e aperfei\u00e7oamento art\u00edstico e t\u00e9cnico\u201d, chamada 2024.<\/p>\n","protected":false},"excerpt":{"rendered":"<p>La Negra Mexa estar\u00e1 em resid\u00eancia com tr\u00eas mestres tradicionais do acorde\u00e3o do Caribe colombiano para se especializar e aperfei\u00e7oar o acorde\u00e3o diat\u00f4nico. Essa resid\u00eancia se concentrar\u00e1 nos ritmos e g\u00eaneros pertencentes \u00e0 m\u00fasica tradicional de acorde\u00e3o dessa regi\u00e3o, como Cumbia, Porro e Vallenato. &nbsp; Essa especializa\u00e7\u00e3o consistir\u00e1 em workshops personalizados, nos quais ser\u00e3o abordadas [&hellip;]<\/p>\n","protected":false},"author":7,"featured_media":22424,"comment_status":"closed","ping_status":"closed","sticky":false,"template":"","format":"standard","meta":{"footnotes":""},"categories":[218],"tags":[],"class_list":["post-22323","post","type-post","status-publish","format-standard","has-post-thumbnail","hentry","category-noticias-generales-pt"],"lang":"pt","translations":{"pt":22323,"es":22320},"pll_sync_post":[],"post_mailing_queue_ids":[],"_links":{"self":[{"href":"http:\/\/staging.ibermusicas.org\/index.php\/wp-json\/wp\/v2\/posts\/22323","targetHints":{"allow":["GET"]}}],"collection":[{"href":"http:\/\/staging.ibermusicas.org\/index.php\/wp-json\/wp\/v2\/posts"}],"about":[{"href":"http:\/\/staging.ibermusicas.org\/index.php\/wp-json\/wp\/v2\/types\/post"}],"author":[{"embeddable":true,"href":"http:\/\/staging.ibermusicas.org\/index.php\/wp-json\/wp\/v2\/users\/7"}],"replies":[{"embeddable":true,"href":"http:\/\/staging.ibermusicas.org\/index.php\/wp-json\/wp\/v2\/comments?post=22323"}],"version-history":[{"count":1,"href":"http:\/\/staging.ibermusicas.org\/index.php\/wp-json\/wp\/v2\/posts\/22323\/revisions"}],"predecessor-version":[{"id":22324,"href":"http:\/\/staging.ibermusicas.org\/index.php\/wp-json\/wp\/v2\/posts\/22323\/revisions\/22324"}],"wp:featuredmedia":[{"embeddable":true,"href":"http:\/\/staging.ibermusicas.org\/index.php\/wp-json\/wp\/v2\/media\/22424"}],"wp:attachment":[{"href":"http:\/\/staging.ibermusicas.org\/index.php\/wp-json\/wp\/v2\/media?parent=22323"}],"wp:term":[{"taxonomy":"category","embeddable":true,"href":"http:\/\/staging.ibermusicas.org\/index.php\/wp-json\/wp\/v2\/categories?post=22323"},{"taxonomy":"post_tag","embeddable":true,"href":"http:\/\/staging.ibermusicas.org\/index.php\/wp-json\/wp\/v2\/tags?post=22323"}],"curies":[{"name":"wp","href":"https:\/\/api.w.org\/{rel}","templated":true}]}}