{"id":22325,"date":"2025-04-28T19:23:38","date_gmt":"2025-04-28T19:23:38","guid":{"rendered":"http:\/\/staging.ibermusicas.org\/?p=22325"},"modified":"2025-06-03T15:56:28","modified_gmt":"2025-06-03T15:56:28","slug":"el-ricardo-vignini-de-brasil-y-o-gajo-de-portugal-grabaran-y-publicaran-el-album-terra-livre-2","status":"publish","type":"post","link":"http:\/\/staging.ibermusicas.org\/index.php\/el-ricardo-vignini-de-brasil-y-o-gajo-de-portugal-grabaran-y-publicaran-el-album-terra-livre-2\/","title":{"rendered":"El Ricardo Vignini de Brasil y O Gajo de Portugal grabar\u00e1n y publicar\u00e1n el \u00e1lbum Terra Livre 2"},"content":{"rendered":"<p>\u00abTerra Livre\u00bb es el territorio de exploraci\u00f3n de Ricardo y Jo\u00e3o, dos guitarristas cuyos or\u00edgenes est\u00e1n ligados a la m\u00fasica rock, donde expanden sus horizontes creativos sin f\u00f3rmulas ni reglas predefinidas.<\/p>\n<p>&nbsp;<\/p>\n<p>Una fusi\u00f3n de dos pa\u00edses diferentes y, al mismo tiempo, pueblos tan parecidos. Esta uni\u00f3n \u00fanica hace de \u00abTerra Livre\u00bb un grito de libertad en un mundo lleno de intolerancia.<\/p>\n<p>&nbsp;<\/p>\n<p>\u00abTerra Livre 2\u00bb se grabar\u00e1 en S\u00e3o Paulo, Brasil, en el estudio Bojo El\u00e9trico y en el estudio Toca do Gajo de Lisboa, Portugal, dando como resultado un disco con nueve temas firmados por Ricardo Vignini y O Gajo.<\/p>\n<p>&nbsp;<\/p>\n<p>Nacido en la ciudad de S\u00e3o Paulo, el violeiro Ricardo Vignini es miembro fundador del grupo Matuto Moderno (1999), pionero en la fusi\u00f3n de rock y m\u00fasica caipira, y forma parte del d\u00fao Moda de Rock con el violeiro Z\u00e9 Helder, con el que realiza reinterpretaciones de canciones cl\u00e1sicas de rock de grupos como Led Zeppelin, Nirvana, Metallica, Rolling Stones y Queen. Ha trabajado con Lenine, Zeca Baleiro, Pepeu Gomes, Z\u00e9 Geraldo, Robertinho de Recife, Guarabyra, Tavito, Tuia, Socorro Lira, Katya Teixeira, L\u00facio Maia, Renato Teixeira, Pena Branca, \u00cdndio Cachoeira, Edgard Scandurra, Marcos Suzano, Emmanuele Baldini, Spok, Liminha. Participando en los principales eventos de viola de Brasil, ha actuado en EE.UU., M\u00e9xico, Canad\u00e1, Francia, Portugal y Argentina. A lo largo de su carrera, Ricardo Vignini ha acumulado una discograf\u00eda envidiable, con la grabaci\u00f3n de 26 CD, entre \u00e1lbumes en solitario, con el grupo Matuto Moderno, el d\u00fao Moda de Rock y con \u00cdndio Cachoeira.<\/p>\n<p>&nbsp;<\/p>\n<p>O Gajo naci\u00f3 en Lisboa de la mano de Jo\u00e3o Morais con la intenci\u00f3n de vincular su m\u00fasica a la tierra que le vio nacer, Portugal. As\u00ed surgi\u00f3 su relaci\u00f3n con la Viola Campani\u00e7a, un instrumento tradicional que forma parte de la centenaria historia cultural de Portugal. Fue en la regi\u00f3n rural del Alentejo donde Jo\u00e3o Morais conoci\u00f3 la Viola Campani\u00e7a, pero la que trajo a la ciudad de Lisboa adquiri\u00f3 nuevos colores. Se aleja del lenguaje m\u00e1s tradicional y explora caminos m\u00e1s contempor\u00e1neos, manteniendo intacto su estilo portugu\u00e9s. En 2017 grab\u00f3 su primer \u00e1lbum \u00abLonge do Ch\u00e3o\u00bb, en 2019 fue el turno de \u00ab4 Esta\u00e7\u00f5es do GAJO\u00bb, un disco cu\u00e1druple en 4 EPs dedicado a 4 estaciones de tren de Lisboa, y en 2021 lleg\u00f3 \u00abSubterr\u00e2neos\u00bb en formato tr\u00edo con la colaboraci\u00f3n de dos reconocidos m\u00fasicos de la escena del Jazz portugu\u00e9s, Carlos Barretto y Jos\u00e9 Salgueiro.<\/p>\n<p>&nbsp;<\/p>\n<p>Este proyecto de Ricardo Vignini, en colaboraci\u00f3n con O Gajo, fue el ganador de la convocatoria 2024 de \u00abAyuda a proyectos virtuales\u00bb del Programa Iberm\u00fasicas.<\/p>\n","protected":false},"excerpt":{"rendered":"<p>\u00abTerra Livre\u00bb es el territorio de exploraci\u00f3n de Ricardo y Jo\u00e3o, dos guitarristas cuyos or\u00edgenes est\u00e1n ligados a la m\u00fasica rock, donde expanden sus horizontes creativos sin f\u00f3rmulas ni reglas predefinidas. &nbsp; Una fusi\u00f3n de dos pa\u00edses diferentes y, al mismo tiempo, pueblos tan parecidos. Esta uni\u00f3n \u00fanica hace de \u00abTerra Livre\u00bb un grito de [&hellip;]<\/p>\n","protected":false},"author":7,"featured_media":22326,"comment_status":"closed","ping_status":"closed","sticky":false,"template":"","format":"standard","meta":{"footnotes":""},"categories":[53],"tags":[],"class_list":["post-22325","post","type-post","status-publish","format-standard","has-post-thumbnail","hentry","category-noticias-generales"],"lang":"es","translations":{"es":22325,"pt":22328},"pll_sync_post":[],"post_mailing_queue_ids":[],"_links":{"self":[{"href":"http:\/\/staging.ibermusicas.org\/index.php\/wp-json\/wp\/v2\/posts\/22325","targetHints":{"allow":["GET"]}}],"collection":[{"href":"http:\/\/staging.ibermusicas.org\/index.php\/wp-json\/wp\/v2\/posts"}],"about":[{"href":"http:\/\/staging.ibermusicas.org\/index.php\/wp-json\/wp\/v2\/types\/post"}],"author":[{"embeddable":true,"href":"http:\/\/staging.ibermusicas.org\/index.php\/wp-json\/wp\/v2\/users\/7"}],"replies":[{"embeddable":true,"href":"http:\/\/staging.ibermusicas.org\/index.php\/wp-json\/wp\/v2\/comments?post=22325"}],"version-history":[{"count":1,"href":"http:\/\/staging.ibermusicas.org\/index.php\/wp-json\/wp\/v2\/posts\/22325\/revisions"}],"predecessor-version":[{"id":22327,"href":"http:\/\/staging.ibermusicas.org\/index.php\/wp-json\/wp\/v2\/posts\/22325\/revisions\/22327"}],"wp:featuredmedia":[{"embeddable":true,"href":"http:\/\/staging.ibermusicas.org\/index.php\/wp-json\/wp\/v2\/media\/22326"}],"wp:attachment":[{"href":"http:\/\/staging.ibermusicas.org\/index.php\/wp-json\/wp\/v2\/media?parent=22325"}],"wp:term":[{"taxonomy":"category","embeddable":true,"href":"http:\/\/staging.ibermusicas.org\/index.php\/wp-json\/wp\/v2\/categories?post=22325"},{"taxonomy":"post_tag","embeddable":true,"href":"http:\/\/staging.ibermusicas.org\/index.php\/wp-json\/wp\/v2\/tags?post=22325"}],"curies":[{"name":"wp","href":"https:\/\/api.w.org\/{rel}","templated":true}]}}